{"id":573,"date":"2021-09-24T10:54:40","date_gmt":"2021-09-24T10:54:40","guid":{"rendered":"https:\/\/www.poligonoerletxe.eus\/?p=573"},"modified":"2021-09-27T09:03:24","modified_gmt":"2021-09-27T09:03:24","slug":"el-ayuntamiento-de-galdakao-y-la-asociacion-empresarial-del-poligono-industrial-erletxe-firman-un-acuerdo-para-impulsar-el-poligono","status":"publish","type":"post","link":"https:\/\/www.poligonoerletxe.eus\/eu\/el-ayuntamiento-de-galdakao-y-la-asociacion-empresarial-del-poligono-industrial-erletxe-firman-un-acuerdo-para-impulsar-el-poligono\/","title":{"rendered":"Galdakaoko Udalak eta Erletxe Industrialdeko Enpresarien Elkarteak poligonoa bultzatzeko akordioa sinatu dute"},"content":{"rendered":"<p>ERLETXE INDUSTRIALDEKO ENPRESA ELKARTEA - ASOCIACION EMPRESARIAL DEL POLIGONO INDUSTRIAL ERLETXE (AEPIE-EIEE) Galdakaoko Udalarekin lankidetza-hitzarmena sinatu du. Industrialdeko Plan Integralean jasotako Kudeaketa Planean eta Hobekuntza Planean jasotako Erletxe industrialdea hobetzeko jarduerak egiteko.<\/p>\n\n\n\n<p>AEPIEko presidenteak eta Galdakaoko Sustapen Ekonomikoko zinegotziak lankidetza hitzarmena sinatu dute<br>orain Hernando alkatearen eta elkarteko beste hiru ordezkariren babesarekin. <\/p>\n\n\n\n<p>Galdakaoko Udala kontziente da udalerriarentzat industria-sare sendoa izateak duen garrantziaz, bertako enpresek lanpostuak eta aberastasuna ekartzen baitituzte. Horregatik, bi alderdiek elkarrekin lan egingo dute Erletxe industrialdea etengabe hobetzeko.<\/p>\n\n\n\n<p>Era berean, elkarteak eta udalak jarraipen batzorde bat sortzea erabaki dute. Jarraipen Batzordeko lehendakaria alkatea (edo hark eskuordetutako pertsona) izango da. Kideak Ekonomia Sustapeneko zinegotzia (edo hark eskuordetutako pertsona) eta AEPIEko lehendakaria (edo hark eskuordetutako pertsona) izango dira. Toki Garapen eta Enplegu Zerbitzuko koordinatzailea (edo haren ordezko teknikaria) izango da idazkaria.<\/p>\n\n\n\n<p>Erletxe industrialdea hobetzeko jarduerak bultzatzea erabaki da. Horretarako, elkartearen kudeaketa-planean eta ekintza-planean jasotako lehentasunetan oinarrituta.<\/p>","protected":false},"excerpt":{"rendered":"<p>La ASOCIACION EMPRESARIAL DEL POLIGONO INDUSTRIAL ERLETXE-ERLETXE INDUSTRIALDEKO ENPRESA ELKARTEA (AEPIE-EIEE) firma un acuerdo de colaboraci\u00f3n con el Ayuntamiento de Galdakao. Con el objetivo de realizar actuaciones de mejora en el Pol\u00edgono Industrial Erletxe contempladas en el Plan de Gesti\u00f3n y Plan de Mejora incluidos en el Plan Integral del Pol\u00edgono. La presidenta de AEPIE &#8230; <a title=\"Galdakaoko Udalak eta Erletxe Industrialdeko Enpresarien Elkarteak poligonoa bultzatzeko akordioa sinatu dute\" class=\"read-more\" href=\"https:\/\/www.poligonoerletxe.eus\/eu\/el-ayuntamiento-de-galdakao-y-la-asociacion-empresarial-del-poligono-industrial-erletxe-firman-un-acuerdo-para-impulsar-el-poligono\/\" aria-label=\"Read more about El Ayuntamiento de Galdakao y La Asociaci\u00f3n Empresarial del Pol\u00edgono Industrial Erletxe firman un acuerdo para impulsar el pol\u00edgono\">Gehiago irakurri<\/a><\/p>","protected":false},"author":1,"featured_media":575,"comment_status":"closed","ping_status":"closed","sticky":false,"template":"","format":"standard","meta":{"_acf_changed":false,"footnotes":""},"categories":[1],"tags":[],"class_list":["post-573","post","type-post","status-publish","format-standard","has-post-thumbnail","hentry","category-novedades"],"acf":[],"yoast_head":"<!-- This site is optimized with the Yoast SEO plugin v26.9 - https:\/\/yoast.com\/product\/yoast-seo-wordpress\/ -->\n<title>El Ayuntamiento de Galdakao y La Asociaci\u00f3n Empresarial del Pol\u00edgono Industrial Erletxe firman un acuerdo para impulsar el pol\u00edgono - Pol\u00edgono Industrial Erletxe<\/title>\n<meta name=\"robots\" content=\"index, follow, max-snippet:-1, max-image-preview:large, max-video-preview:-1\" \/>\n<link rel=\"canonical\" href=\"https:\/\/www.poligonoerletxe.eus\/eu\/el-ayuntamiento-de-galdakao-y-la-asociacion-empresarial-del-poligono-industrial-erletxe-firman-un-acuerdo-para-impulsar-el-poligono\/\" \/>\n<meta property=\"og:locale\" content=\"en_US\" \/>\n<meta property=\"og:type\" content=\"article\" \/>\n<meta property=\"og:title\" content=\"El Ayuntamiento de Galdakao y La Asociaci\u00f3n Empresarial del Pol\u00edgono Industrial Erletxe firman un acuerdo para impulsar el pol\u00edgono - Pol\u00edgono Industrial Erletxe\" \/>\n<meta property=\"og:description\" content=\"La ASOCIACION EMPRESARIAL DEL POLIGONO INDUSTRIAL ERLETXE-ERLETXE INDUSTRIALDEKO ENPRESA ELKARTEA (AEPIE-EIEE) firma un acuerdo de colaboraci\u00f3n con el Ayuntamiento de Galdakao. Con el objetivo de realizar actuaciones de mejora en el Pol\u00edgono Industrial Erletxe contempladas en el Plan de Gesti\u00f3n y Plan de Mejora incluidos en el Plan Integral del Pol\u00edgono. La presidenta de AEPIE ... Gehiago irakurri\" \/>\n<meta property=\"og:url\" content=\"https:\/\/www.poligonoerletxe.eus\/eu\/el-ayuntamiento-de-galdakao-y-la-asociacion-empresarial-del-poligono-industrial-erletxe-firman-un-acuerdo-para-impulsar-el-poligono\/\" \/>\n<meta property=\"og:site_name\" content=\"Pol\u00edgono Industrial Erletxe\" \/>\n<meta property=\"article:published_time\" content=\"2021-09-24T10:54:40+00:00\" \/>\n<meta property=\"article:modified_time\" content=\"2021-09-27T09:03:24+00:00\" \/>\n<meta property=\"og:image\" content=\"https:\/\/www.poligonoerletxe.eus\/wp-content\/uploads\/AyuntamientodeGaldakao-AsociacionEmpresarial-PoligonoErletxe-Acuerdo.jpg\" \/>\n\t<meta property=\"og:image:width\" content=\"1000\" \/>\n\t<meta property=\"og:image:height\" content=\"750\" \/>\n\t<meta property=\"og:image:type\" content=\"image\/jpeg\" \/>\n<meta name=\"author\" content=\"AEPIE\" \/>\n<meta name=\"twitter:card\" content=\"summary_large_image\" \/>\n<meta name=\"twitter:label1\" content=\"Written by\" \/>\n\t<meta name=\"twitter:data1\" content=\"AEPIE\" \/>\n\t<meta name=\"twitter:label2\" content=\"Est. reading time\" \/>\n\t<meta name=\"twitter:data2\" content=\"1 minutua\" \/>\n<script type=\"application\/ld+json\" class=\"yoast-schema-graph\">{\"@context\":\"https:\/\/schema.org\",\"@graph\":[{\"@type\":\"Article\",\"@id\":\"https:\/\/www.poligonoerletxe.eus\/el-ayuntamiento-de-galdakao-y-la-asociacion-empresarial-del-poligono-industrial-erletxe-firman-un-acuerdo-para-impulsar-el-poligono\/#article\",\"isPartOf\":{\"@id\":\"https:\/\/www.poligonoerletxe.eus\/el-ayuntamiento-de-galdakao-y-la-asociacion-empresarial-del-poligono-industrial-erletxe-firman-un-acuerdo-para-impulsar-el-poligono\/\"},\"author\":{\"name\":\"AEPIE\",\"@id\":\"https:\/\/www.poligonoerletxe.eus\/#\/schema\/person\/c92a93bc4b7d75f56379b981a9b61af3\"},\"headline\":\"El Ayuntamiento de Galdakao y La Asociaci\u00f3n Empresarial del Pol\u00edgono Industrial Erletxe firman un acuerdo para impulsar el pol\u00edgono\",\"datePublished\":\"2021-09-24T10:54:40+00:00\",\"dateModified\":\"2021-09-27T09:03:24+00:00\",\"mainEntityOfPage\":{\"@id\":\"https:\/\/www.poligonoerletxe.eus\/el-ayuntamiento-de-galdakao-y-la-asociacion-empresarial-del-poligono-industrial-erletxe-firman-un-acuerdo-para-impulsar-el-poligono\/\"},\"wordCount\":272,\"publisher\":{\"@id\":\"https:\/\/www.poligonoerletxe.eus\/#organization\"},\"image\":{\"@id\":\"https:\/\/www.poligonoerletxe.eus\/el-ayuntamiento-de-galdakao-y-la-asociacion-empresarial-del-poligono-industrial-erletxe-firman-un-acuerdo-para-impulsar-el-poligono\/#primaryimage\"},\"thumbnailUrl\":\"https:\/\/www.poligonoerletxe.eus\/wp-content\/uploads\/AyuntamientodeGaldakao-AsociacionEmpresarial-PoligonoErletxe-Acuerdo.jpg\",\"articleSection\":[\"Novedades\"],\"inLanguage\":\"eu\"},{\"@type\":\"WebPage\",\"@id\":\"https:\/\/www.poligonoerletxe.eus\/el-ayuntamiento-de-galdakao-y-la-asociacion-empresarial-del-poligono-industrial-erletxe-firman-un-acuerdo-para-impulsar-el-poligono\/\",\"url\":\"https:\/\/www.poligonoerletxe.eus\/el-ayuntamiento-de-galdakao-y-la-asociacion-empresarial-del-poligono-industrial-erletxe-firman-un-acuerdo-para-impulsar-el-poligono\/\",\"name\":\"El Ayuntamiento de Galdakao y La Asociaci\u00f3n Empresarial del Pol\u00edgono Industrial Erletxe firman un acuerdo para impulsar el pol\u00edgono - Pol\u00edgono Industrial Erletxe\",\"isPartOf\":{\"@id\":\"https:\/\/www.poligonoerletxe.eus\/#website\"},\"primaryImageOfPage\":{\"@id\":\"https:\/\/www.poligonoerletxe.eus\/el-ayuntamiento-de-galdakao-y-la-asociacion-empresarial-del-poligono-industrial-erletxe-firman-un-acuerdo-para-impulsar-el-poligono\/#primaryimage\"},\"image\":{\"@id\":\"https:\/\/www.poligonoerletxe.eus\/el-ayuntamiento-de-galdakao-y-la-asociacion-empresarial-del-poligono-industrial-erletxe-firman-un-acuerdo-para-impulsar-el-poligono\/#primaryimage\"},\"thumbnailUrl\":\"https:\/\/www.poligonoerletxe.eus\/wp-content\/uploads\/AyuntamientodeGaldakao-AsociacionEmpresarial-PoligonoErletxe-Acuerdo.jpg\",\"datePublished\":\"2021-09-24T10:54:40+00:00\",\"dateModified\":\"2021-09-27T09:03:24+00:00\",\"breadcrumb\":{\"@id\":\"https:\/\/www.poligonoerletxe.eus\/el-ayuntamiento-de-galdakao-y-la-asociacion-empresarial-del-poligono-industrial-erletxe-firman-un-acuerdo-para-impulsar-el-poligono\/#breadcrumb\"},\"inLanguage\":\"eu\",\"potentialAction\":[{\"@type\":\"ReadAction\",\"target\":[\"https:\/\/www.poligonoerletxe.eus\/el-ayuntamiento-de-galdakao-y-la-asociacion-empresarial-del-poligono-industrial-erletxe-firman-un-acuerdo-para-impulsar-el-poligono\/\"]}]},{\"@type\":\"ImageObject\",\"inLanguage\":\"eu\",\"@id\":\"https:\/\/www.poligonoerletxe.eus\/el-ayuntamiento-de-galdakao-y-la-asociacion-empresarial-del-poligono-industrial-erletxe-firman-un-acuerdo-para-impulsar-el-poligono\/#primaryimage\",\"url\":\"https:\/\/www.poligonoerletxe.eus\/wp-content\/uploads\/AyuntamientodeGaldakao-AsociacionEmpresarial-PoligonoErletxe-Acuerdo.jpg\",\"contentUrl\":\"https:\/\/www.poligonoerletxe.eus\/wp-content\/uploads\/AyuntamientodeGaldakao-AsociacionEmpresarial-PoligonoErletxe-Acuerdo.jpg\",\"width\":1000,\"height\":750,\"caption\":\"Ayuntamiento de Galdakao Asociacion Empresarial Poligono Erletxe Acuerdo\"},{\"@type\":\"BreadcrumbList\",\"@id\":\"https:\/\/www.poligonoerletxe.eus\/el-ayuntamiento-de-galdakao-y-la-asociacion-empresarial-del-poligono-industrial-erletxe-firman-un-acuerdo-para-impulsar-el-poligono\/#breadcrumb\",\"itemListElement\":[{\"@type\":\"ListItem\",\"position\":1,\"name\":\"Inicio\",\"item\":\"https:\/\/www.poligonoerletxe.eus\/\"},{\"@type\":\"ListItem\",\"position\":2,\"name\":\"El Ayuntamiento de Galdakao y La Asociaci\u00f3n Empresarial del Pol\u00edgono Industrial Erletxe firman un acuerdo para impulsar el pol\u00edgono\"}]},{\"@type\":\"WebSite\",\"@id\":\"https:\/\/www.poligonoerletxe.eus\/#website\",\"url\":\"https:\/\/www.poligonoerletxe.eus\/\",\"name\":\"Pol\u00edgono Industrial Erletxe\",\"description\":\"Asociaci\u00f3n Empresarial\",\"publisher\":{\"@id\":\"https:\/\/www.poligonoerletxe.eus\/#organization\"},\"potentialAction\":[{\"@type\":\"SearchAction\",\"target\":{\"@type\":\"EntryPoint\",\"urlTemplate\":\"https:\/\/www.poligonoerletxe.eus\/?s={search_term_string}\"},\"query-input\":{\"@type\":\"PropertyValueSpecification\",\"valueRequired\":true,\"valueName\":\"search_term_string\"}}],\"inLanguage\":\"eu\"},{\"@type\":\"Organization\",\"@id\":\"https:\/\/www.poligonoerletxe.eus\/#organization\",\"name\":\"Pol\u00edgono Industrial Erletxe\",\"url\":\"https:\/\/www.poligonoerletxe.eus\/\",\"logo\":{\"@type\":\"ImageObject\",\"inLanguage\":\"eu\",\"@id\":\"https:\/\/www.poligonoerletxe.eus\/#\/schema\/logo\/image\/\",\"url\":\"https:\/\/www.poligonoerletxe.eus\/wp-content\/uploads\/Logotipo-PoligonoIndustrialErletxe.png\",\"contentUrl\":\"https:\/\/www.poligonoerletxe.eus\/wp-content\/uploads\/Logotipo-PoligonoIndustrialErletxe.png\",\"width\":700,\"height\":262,\"caption\":\"Pol\u00edgono Industrial Erletxe\"},\"image\":{\"@id\":\"https:\/\/www.poligonoerletxe.eus\/#\/schema\/logo\/image\/\"}},{\"@type\":\"Person\",\"@id\":\"https:\/\/www.poligonoerletxe.eus\/#\/schema\/person\/c92a93bc4b7d75f56379b981a9b61af3\",\"name\":\"AEPIE\",\"sameAs\":[\"http:\/\/www.poligonoerletxe.eus\"],\"url\":\"https:\/\/www.poligonoerletxe.eus\/eu\/author\/aepie\/\"}]}<\/script>\n<!-- \/ Yoast SEO plugin. -->","yoast_head_json":{"title":"El Ayuntamiento de Galdakao y La Asociaci\u00f3n Empresarial del Pol\u00edgono Industrial Erletxe firman un acuerdo para impulsar el pol\u00edgono - Pol\u00edgono Industrial Erletxe","robots":{"index":"index","follow":"follow","max-snippet":"max-snippet:-1","max-image-preview":"max-image-preview:large","max-video-preview":"max-video-preview:-1"},"canonical":"https:\/\/www.poligonoerletxe.eus\/eu\/el-ayuntamiento-de-galdakao-y-la-asociacion-empresarial-del-poligono-industrial-erletxe-firman-un-acuerdo-para-impulsar-el-poligono\/","og_locale":"en_US","og_type":"article","og_title":"El Ayuntamiento de Galdakao y La Asociaci\u00f3n Empresarial del Pol\u00edgono Industrial Erletxe firman un acuerdo para impulsar el pol\u00edgono - Pol\u00edgono Industrial Erletxe","og_description":"La ASOCIACION EMPRESARIAL DEL POLIGONO INDUSTRIAL ERLETXE-ERLETXE INDUSTRIALDEKO ENPRESA ELKARTEA (AEPIE-EIEE) firma un acuerdo de colaboraci\u00f3n con el Ayuntamiento de Galdakao. Con el objetivo de realizar actuaciones de mejora en el Pol\u00edgono Industrial Erletxe contempladas en el Plan de Gesti\u00f3n y Plan de Mejora incluidos en el Plan Integral del Pol\u00edgono. La presidenta de AEPIE ... Gehiago irakurri","og_url":"https:\/\/www.poligonoerletxe.eus\/eu\/el-ayuntamiento-de-galdakao-y-la-asociacion-empresarial-del-poligono-industrial-erletxe-firman-un-acuerdo-para-impulsar-el-poligono\/","og_site_name":"Pol\u00edgono Industrial Erletxe","article_published_time":"2021-09-24T10:54:40+00:00","article_modified_time":"2021-09-27T09:03:24+00:00","og_image":[{"width":1000,"height":750,"url":"https:\/\/www.poligonoerletxe.eus\/wp-content\/uploads\/AyuntamientodeGaldakao-AsociacionEmpresarial-PoligonoErletxe-Acuerdo.jpg","type":"image\/jpeg"}],"author":"AEPIE","twitter_card":"summary_large_image","twitter_misc":{"Written by":"AEPIE","Est. reading time":"1 minutua"},"schema":{"@context":"https:\/\/schema.org","@graph":[{"@type":"Article","@id":"https:\/\/www.poligonoerletxe.eus\/el-ayuntamiento-de-galdakao-y-la-asociacion-empresarial-del-poligono-industrial-erletxe-firman-un-acuerdo-para-impulsar-el-poligono\/#article","isPartOf":{"@id":"https:\/\/www.poligonoerletxe.eus\/el-ayuntamiento-de-galdakao-y-la-asociacion-empresarial-del-poligono-industrial-erletxe-firman-un-acuerdo-para-impulsar-el-poligono\/"},"author":{"name":"AEPIE","@id":"https:\/\/www.poligonoerletxe.eus\/#\/schema\/person\/c92a93bc4b7d75f56379b981a9b61af3"},"headline":"El Ayuntamiento de Galdakao y La Asociaci\u00f3n Empresarial del Pol\u00edgono Industrial Erletxe firman un acuerdo para impulsar el pol\u00edgono","datePublished":"2021-09-24T10:54:40+00:00","dateModified":"2021-09-27T09:03:24+00:00","mainEntityOfPage":{"@id":"https:\/\/www.poligonoerletxe.eus\/el-ayuntamiento-de-galdakao-y-la-asociacion-empresarial-del-poligono-industrial-erletxe-firman-un-acuerdo-para-impulsar-el-poligono\/"},"wordCount":272,"publisher":{"@id":"https:\/\/www.poligonoerletxe.eus\/#organization"},"image":{"@id":"https:\/\/www.poligonoerletxe.eus\/el-ayuntamiento-de-galdakao-y-la-asociacion-empresarial-del-poligono-industrial-erletxe-firman-un-acuerdo-para-impulsar-el-poligono\/#primaryimage"},"thumbnailUrl":"https:\/\/www.poligonoerletxe.eus\/wp-content\/uploads\/AyuntamientodeGaldakao-AsociacionEmpresarial-PoligonoErletxe-Acuerdo.jpg","articleSection":["Novedades"],"inLanguage":"eu"},{"@type":"WebPage","@id":"https:\/\/www.poligonoerletxe.eus\/el-ayuntamiento-de-galdakao-y-la-asociacion-empresarial-del-poligono-industrial-erletxe-firman-un-acuerdo-para-impulsar-el-poligono\/","url":"https:\/\/www.poligonoerletxe.eus\/el-ayuntamiento-de-galdakao-y-la-asociacion-empresarial-del-poligono-industrial-erletxe-firman-un-acuerdo-para-impulsar-el-poligono\/","name":"El Ayuntamiento de Galdakao y La Asociaci\u00f3n Empresarial del Pol\u00edgono Industrial Erletxe firman un acuerdo para impulsar el pol\u00edgono - Pol\u00edgono Industrial Erletxe","isPartOf":{"@id":"https:\/\/www.poligonoerletxe.eus\/#website"},"primaryImageOfPage":{"@id":"https:\/\/www.poligonoerletxe.eus\/el-ayuntamiento-de-galdakao-y-la-asociacion-empresarial-del-poligono-industrial-erletxe-firman-un-acuerdo-para-impulsar-el-poligono\/#primaryimage"},"image":{"@id":"https:\/\/www.poligonoerletxe.eus\/el-ayuntamiento-de-galdakao-y-la-asociacion-empresarial-del-poligono-industrial-erletxe-firman-un-acuerdo-para-impulsar-el-poligono\/#primaryimage"},"thumbnailUrl":"https:\/\/www.poligonoerletxe.eus\/wp-content\/uploads\/AyuntamientodeGaldakao-AsociacionEmpresarial-PoligonoErletxe-Acuerdo.jpg","datePublished":"2021-09-24T10:54:40+00:00","dateModified":"2021-09-27T09:03:24+00:00","breadcrumb":{"@id":"https:\/\/www.poligonoerletxe.eus\/el-ayuntamiento-de-galdakao-y-la-asociacion-empresarial-del-poligono-industrial-erletxe-firman-un-acuerdo-para-impulsar-el-poligono\/#breadcrumb"},"inLanguage":"eu","potentialAction":[{"@type":"ReadAction","target":["https:\/\/www.poligonoerletxe.eus\/el-ayuntamiento-de-galdakao-y-la-asociacion-empresarial-del-poligono-industrial-erletxe-firman-un-acuerdo-para-impulsar-el-poligono\/"]}]},{"@type":"ImageObject","inLanguage":"eu","@id":"https:\/\/www.poligonoerletxe.eus\/el-ayuntamiento-de-galdakao-y-la-asociacion-empresarial-del-poligono-industrial-erletxe-firman-un-acuerdo-para-impulsar-el-poligono\/#primaryimage","url":"https:\/\/www.poligonoerletxe.eus\/wp-content\/uploads\/AyuntamientodeGaldakao-AsociacionEmpresarial-PoligonoErletxe-Acuerdo.jpg","contentUrl":"https:\/\/www.poligonoerletxe.eus\/wp-content\/uploads\/AyuntamientodeGaldakao-AsociacionEmpresarial-PoligonoErletxe-Acuerdo.jpg","width":1000,"height":750,"caption":"Ayuntamiento de Galdakao Asociacion Empresarial Poligono Erletxe Acuerdo"},{"@type":"BreadcrumbList","@id":"https:\/\/www.poligonoerletxe.eus\/el-ayuntamiento-de-galdakao-y-la-asociacion-empresarial-del-poligono-industrial-erletxe-firman-un-acuerdo-para-impulsar-el-poligono\/#breadcrumb","itemListElement":[{"@type":"ListItem","position":1,"name":"Inicio","item":"https:\/\/www.poligonoerletxe.eus\/"},{"@type":"ListItem","position":2,"name":"El Ayuntamiento de Galdakao y La Asociaci\u00f3n Empresarial del Pol\u00edgono Industrial Erletxe firman un acuerdo para impulsar el pol\u00edgono"}]},{"@type":"WebSite","@id":"https:\/\/www.poligonoerletxe.eus\/#website","url":"https:\/\/www.poligonoerletxe.eus\/","name":"industrialdeak, bere enpresa-elkartearen bitartez, aktiboki parte hartuko du hurrengo Makina-Erremintaren Nazioarteko Biurtekoan (BIEMH),","description":"Asociaci\u00f3n Empresarial","publisher":{"@id":"https:\/\/www.poligonoerletxe.eus\/#organization"},"potentialAction":[{"@type":"SearchAction","target":{"@type":"EntryPoint","urlTemplate":"https:\/\/www.poligonoerletxe.eus\/?s={search_term_string}"},"query-input":{"@type":"PropertyValueSpecification","valueRequired":true,"valueName":"search_term_string"}}],"inLanguage":"eu"},{"@type":"Organization","@id":"https:\/\/www.poligonoerletxe.eus\/#organization","name":"industrialdeak, bere enpresa-elkartearen bitartez, aktiboki parte hartuko du hurrengo Makina-Erremintaren Nazioarteko Biurtekoan (BIEMH),","url":"https:\/\/www.poligonoerletxe.eus\/","logo":{"@type":"ImageObject","inLanguage":"eu","@id":"https:\/\/www.poligonoerletxe.eus\/#\/schema\/logo\/image\/","url":"https:\/\/www.poligonoerletxe.eus\/wp-content\/uploads\/Logotipo-PoligonoIndustrialErletxe.png","contentUrl":"https:\/\/www.poligonoerletxe.eus\/wp-content\/uploads\/Logotipo-PoligonoIndustrialErletxe.png","width":700,"height":262,"caption":"Pol\u00edgono Industrial Erletxe"},"image":{"@id":"https:\/\/www.poligonoerletxe.eus\/#\/schema\/logo\/image\/"}},{"@type":"Person","@id":"https:\/\/www.poligonoerletxe.eus\/#\/schema\/person\/c92a93bc4b7d75f56379b981a9b61af3","name":"AEPIE","sameAs":["http:\/\/www.poligonoerletxe.eus"],"url":"https:\/\/www.poligonoerletxe.eus\/eu\/author\/aepie\/"}]}},"_links":{"self":[{"href":"https:\/\/www.poligonoerletxe.eus\/eu\/wp-json\/wp\/v2\/posts\/573","targetHints":{"allow":["GET"]}}],"collection":[{"href":"https:\/\/www.poligonoerletxe.eus\/eu\/wp-json\/wp\/v2\/posts"}],"about":[{"href":"https:\/\/www.poligonoerletxe.eus\/eu\/wp-json\/wp\/v2\/types\/post"}],"author":[{"embeddable":true,"href":"https:\/\/www.poligonoerletxe.eus\/eu\/wp-json\/wp\/v2\/users\/1"}],"replies":[{"embeddable":true,"href":"https:\/\/www.poligonoerletxe.eus\/eu\/wp-json\/wp\/v2\/comments?post=573"}],"version-history":[{"count":3,"href":"https:\/\/www.poligonoerletxe.eus\/eu\/wp-json\/wp\/v2\/posts\/573\/revisions"}],"predecessor-version":[{"id":577,"href":"https:\/\/www.poligonoerletxe.eus\/eu\/wp-json\/wp\/v2\/posts\/573\/revisions\/577"}],"wp:featuredmedia":[{"embeddable":true,"href":"https:\/\/www.poligonoerletxe.eus\/eu\/wp-json\/wp\/v2\/media\/575"}],"wp:attachment":[{"href":"https:\/\/www.poligonoerletxe.eus\/eu\/wp-json\/wp\/v2\/media?parent=573"}],"wp:term":[{"taxonomy":"category","embeddable":true,"href":"https:\/\/www.poligonoerletxe.eus\/eu\/wp-json\/wp\/v2\/categories?post=573"},{"taxonomy":"post_tag","embeddable":true,"href":"https:\/\/www.poligonoerletxe.eus\/eu\/wp-json\/wp\/v2\/tags?post=573"}],"curies":[{"name":"wp","href":"https:\/\/api.w.org\/{rel}","templated":true}]}}