{"id":605,"date":"2021-10-18T09:21:35","date_gmt":"2021-10-18T09:21:35","guid":{"rendered":"https:\/\/www.poligonoerletxe.eus\/?p=605"},"modified":"2021-10-20T12:37:54","modified_gmt":"2021-10-20T12:37:54","slug":"ferrotall-presenta-su-primer-open-house-de-maquinaria-en-la-sede-de-galdakano","status":"publish","type":"post","link":"https:\/\/www.poligonoerletxe.eus\/eu\/ferrotall-presenta-su-primer-open-house-de-maquinaria-en-la-sede-de-galdakano\/","title":{"rendered":"Ferrotallek makineriaren lehen Open House aurkeztuko du Galdakaoko egoitzan"},"content":{"rendered":"<p>Ferrotall enpresa taldearen 40. urteurrena dela eta, ate irekien jardunaldiak antolatuko dira. <a href=\"https:\/\/www.ferrotall.com\/es\/open-house-ferrotall-norte-galdakao\/\" target=\"_blank\" rel=\"noreferrer noopener\">El evento Open House<\/a> azaroaren 3tik 5era bitartean egingo da, Galdakaoko (Bizkaia) 48960 Ferrotall-en instalazioetan, Erletxeko II. Industrialdean (H plataforma, 5. pabiloia).<\/p>\n\n\n\n<p><a href=\"https:\/\/www.poligonoerletxe.eus\/eu\/empresas\/ferrotall-maquinas-herramientas-s-l\/\" target=\"_blank\" rel=\"noreferrer noopener\">Ferrotall<\/a> bere instalazioetan, irudikatutako marken zenbakizko kontrolerako makineriaren aukeraketa prestatu du. Bertan, 3 ardatz eta 5 ardatzeko CNC makineria aurkituko dugu, baita makineria konbentzionala ere. Berrikuntza nagusia 5 ardatzeko mekanizazio-zentroko Europako fabrikatzaile handienaren azken makina-modeloaren aurkezpena da. Ekitaldian zehar, hainbat piezaren zuzeneko mekanizazioa ikusi ahal izango da, 3 eta 5 ardatzeko zentroekin.<\/p>\n\n\n\n<p>Ate irekien jardunaldiek hiru egun iraungo dute, eta bertan mekanizazioaren sektoreko berrikuntzak inguruko industria osora hurbildu nahi dira.<\/p>\n\n\n\n<p><strong>Luis Miralles<\/strong>\u2013 Ferrotall Taldeko komunikazio-arduraduna<br><a href=\"mailto:comunicacion@ferrotall.com\" target=\"_blank\" rel=\"noreferrer noopener\">comunicacion@ferrotall.com<\/a><br>Telefono zenbakia <a href=\"tel:966662296\" target=\"_blank\" rel=\"noreferrer noopener\">966 662 296<\/a><\/p>","protected":false},"excerpt":{"rendered":"<p>Con motivo del 40 aniversario del grupo empresarial Ferrotall se van a organizar unas jornadas de puertas abiertas. El evento Open House tendr\u00e1 lugar del 3 al 5 de noviembre en las instalaciones de Ferrotall, situadas en el Pol\u00edgono Industrial II de Erletxe ( Plataforma H Pabell\u00f3n 5) 48960 de Galdakao, Bizkaia. Ferrotall ha preparado &#8230; <a title=\"Ferrotallek makineriaren lehen Open House aurkeztuko du Galdakaoko egoitzan\" class=\"read-more\" href=\"https:\/\/www.poligonoerletxe.eus\/eu\/ferrotall-presenta-su-primer-open-house-de-maquinaria-en-la-sede-de-galdakano\/\" aria-label=\"Read more about Ferrotall presenta su primer Open House de maquinaria en la sede de Galdakao\">Gehiago irakurri<\/a><\/p>","protected":false},"author":1,"featured_media":626,"comment_status":"closed","ping_status":"closed","sticky":false,"template":"","format":"standard","meta":{"_acf_changed":false,"footnotes":""},"categories":[1],"tags":[],"class_list":["post-605","post","type-post","status-publish","format-standard","has-post-thumbnail","hentry","category-novedades"],"acf":[],"yoast_head":"<!-- This site is optimized with the Yoast SEO plugin v26.9 - https:\/\/yoast.com\/product\/yoast-seo-wordpress\/ -->\n<title>Ferrotall presenta su primer Open House - Pol\u00edgono Industrial Erletxe<\/title>\n<meta name=\"description\" content=\"Con motivo del 40 aniversario del grupo empresarial Ferrotall se van a organizar un Open House en sus instalaciones de Galdakao.\" \/>\n<meta name=\"robots\" content=\"index, follow, max-snippet:-1, max-image-preview:large, max-video-preview:-1\" \/>\n<link rel=\"canonical\" href=\"https:\/\/www.poligonoerletxe.eus\/eu\/ferrotall-presenta-su-primer-open-house-de-maquinaria-en-la-sede-de-galdakano\/\" \/>\n<meta property=\"og:locale\" content=\"en_US\" \/>\n<meta property=\"og:type\" content=\"article\" \/>\n<meta property=\"og:title\" content=\"Ferrotall presenta su primer Open House - Pol\u00edgono Industrial Erletxe\" \/>\n<meta property=\"og:description\" content=\"Con motivo del 40 aniversario del grupo empresarial Ferrotall se van a organizar un Open House en sus instalaciones de Galdakao.\" \/>\n<meta property=\"og:url\" content=\"https:\/\/www.poligonoerletxe.eus\/eu\/ferrotall-presenta-su-primer-open-house-de-maquinaria-en-la-sede-de-galdakano\/\" \/>\n<meta property=\"og:site_name\" content=\"Pol\u00edgono Industrial Erletxe\" \/>\n<meta property=\"article:published_time\" content=\"2021-10-18T09:21:35+00:00\" \/>\n<meta property=\"article:modified_time\" content=\"2021-10-20T12:37:54+00:00\" \/>\n<meta property=\"og:image\" content=\"https:\/\/www.poligonoerletxe.eus\/wp-content\/uploads\/OpenHouse-Ferrotall.jpg\" \/>\n\t<meta property=\"og:image:width\" content=\"900\" \/>\n\t<meta property=\"og:image:height\" content=\"585\" \/>\n\t<meta property=\"og:image:type\" content=\"image\/jpeg\" \/>\n<meta name=\"author\" content=\"AEPIE\" \/>\n<meta name=\"twitter:card\" content=\"summary_large_image\" \/>\n<meta name=\"twitter:label1\" content=\"Written by\" \/>\n\t<meta name=\"twitter:data1\" content=\"AEPIE\" \/>\n\t<meta name=\"twitter:label2\" content=\"Est. reading time\" \/>\n\t<meta name=\"twitter:data2\" content=\"1 minutua\" \/>\n<script type=\"application\/ld+json\" class=\"yoast-schema-graph\">{\"@context\":\"https:\/\/schema.org\",\"@graph\":[{\"@type\":\"Article\",\"@id\":\"https:\/\/www.poligonoerletxe.eus\/ferrotall-presenta-su-primer-open-house-de-maquinaria-en-la-sede-de-galdakano\/#article\",\"isPartOf\":{\"@id\":\"https:\/\/www.poligonoerletxe.eus\/ferrotall-presenta-su-primer-open-house-de-maquinaria-en-la-sede-de-galdakano\/\"},\"author\":{\"name\":\"AEPIE\",\"@id\":\"https:\/\/www.poligonoerletxe.eus\/#\/schema\/person\/c92a93bc4b7d75f56379b981a9b61af3\"},\"headline\":\"Ferrotall presenta su primer Open House de maquinaria en la sede de Galdakao\",\"datePublished\":\"2021-10-18T09:21:35+00:00\",\"dateModified\":\"2021-10-20T12:37:54+00:00\",\"mainEntityOfPage\":{\"@id\":\"https:\/\/www.poligonoerletxe.eus\/ferrotall-presenta-su-primer-open-house-de-maquinaria-en-la-sede-de-galdakano\/\"},\"wordCount\":179,\"publisher\":{\"@id\":\"https:\/\/www.poligonoerletxe.eus\/#organization\"},\"image\":{\"@id\":\"https:\/\/www.poligonoerletxe.eus\/ferrotall-presenta-su-primer-open-house-de-maquinaria-en-la-sede-de-galdakano\/#primaryimage\"},\"thumbnailUrl\":\"https:\/\/www.poligonoerletxe.eus\/wp-content\/uploads\/OpenHouse-Ferrotall.jpg\",\"articleSection\":[\"Novedades\"],\"inLanguage\":\"eu\"},{\"@type\":\"WebPage\",\"@id\":\"https:\/\/www.poligonoerletxe.eus\/ferrotall-presenta-su-primer-open-house-de-maquinaria-en-la-sede-de-galdakano\/\",\"url\":\"https:\/\/www.poligonoerletxe.eus\/ferrotall-presenta-su-primer-open-house-de-maquinaria-en-la-sede-de-galdakano\/\",\"name\":\"Ferrotall presenta su primer Open House - Pol\u00edgono Industrial Erletxe\",\"isPartOf\":{\"@id\":\"https:\/\/www.poligonoerletxe.eus\/#website\"},\"primaryImageOfPage\":{\"@id\":\"https:\/\/www.poligonoerletxe.eus\/ferrotall-presenta-su-primer-open-house-de-maquinaria-en-la-sede-de-galdakano\/#primaryimage\"},\"image\":{\"@id\":\"https:\/\/www.poligonoerletxe.eus\/ferrotall-presenta-su-primer-open-house-de-maquinaria-en-la-sede-de-galdakano\/#primaryimage\"},\"thumbnailUrl\":\"https:\/\/www.poligonoerletxe.eus\/wp-content\/uploads\/OpenHouse-Ferrotall.jpg\",\"datePublished\":\"2021-10-18T09:21:35+00:00\",\"dateModified\":\"2021-10-20T12:37:54+00:00\",\"description\":\"Con motivo del 40 aniversario del grupo empresarial Ferrotall se van a organizar un Open House en sus instalaciones de Galdakao.\",\"breadcrumb\":{\"@id\":\"https:\/\/www.poligonoerletxe.eus\/ferrotall-presenta-su-primer-open-house-de-maquinaria-en-la-sede-de-galdakano\/#breadcrumb\"},\"inLanguage\":\"eu\",\"potentialAction\":[{\"@type\":\"ReadAction\",\"target\":[\"https:\/\/www.poligonoerletxe.eus\/ferrotall-presenta-su-primer-open-house-de-maquinaria-en-la-sede-de-galdakano\/\"]}]},{\"@type\":\"ImageObject\",\"inLanguage\":\"eu\",\"@id\":\"https:\/\/www.poligonoerletxe.eus\/ferrotall-presenta-su-primer-open-house-de-maquinaria-en-la-sede-de-galdakano\/#primaryimage\",\"url\":\"https:\/\/www.poligonoerletxe.eus\/wp-content\/uploads\/OpenHouse-Ferrotall.jpg\",\"contentUrl\":\"https:\/\/www.poligonoerletxe.eus\/wp-content\/uploads\/OpenHouse-Ferrotall.jpg\",\"width\":900,\"height\":585,\"caption\":\"Open House Ferrotall\"},{\"@type\":\"BreadcrumbList\",\"@id\":\"https:\/\/www.poligonoerletxe.eus\/ferrotall-presenta-su-primer-open-house-de-maquinaria-en-la-sede-de-galdakano\/#breadcrumb\",\"itemListElement\":[{\"@type\":\"ListItem\",\"position\":1,\"name\":\"Inicio\",\"item\":\"https:\/\/www.poligonoerletxe.eus\/\"},{\"@type\":\"ListItem\",\"position\":2,\"name\":\"Ferrotall presenta su primer Open House de maquinaria en la sede de Galdakao\"}]},{\"@type\":\"WebSite\",\"@id\":\"https:\/\/www.poligonoerletxe.eus\/#website\",\"url\":\"https:\/\/www.poligonoerletxe.eus\/\",\"name\":\"Pol\u00edgono Industrial Erletxe\",\"description\":\"Asociaci\u00f3n Empresarial\",\"publisher\":{\"@id\":\"https:\/\/www.poligonoerletxe.eus\/#organization\"},\"potentialAction\":[{\"@type\":\"SearchAction\",\"target\":{\"@type\":\"EntryPoint\",\"urlTemplate\":\"https:\/\/www.poligonoerletxe.eus\/?s={search_term_string}\"},\"query-input\":{\"@type\":\"PropertyValueSpecification\",\"valueRequired\":true,\"valueName\":\"search_term_string\"}}],\"inLanguage\":\"eu\"},{\"@type\":\"Organization\",\"@id\":\"https:\/\/www.poligonoerletxe.eus\/#organization\",\"name\":\"Pol\u00edgono Industrial Erletxe\",\"url\":\"https:\/\/www.poligonoerletxe.eus\/\",\"logo\":{\"@type\":\"ImageObject\",\"inLanguage\":\"eu\",\"@id\":\"https:\/\/www.poligonoerletxe.eus\/#\/schema\/logo\/image\/\",\"url\":\"https:\/\/www.poligonoerletxe.eus\/wp-content\/uploads\/Logotipo-PoligonoIndustrialErletxe.png\",\"contentUrl\":\"https:\/\/www.poligonoerletxe.eus\/wp-content\/uploads\/Logotipo-PoligonoIndustrialErletxe.png\",\"width\":700,\"height\":262,\"caption\":\"Pol\u00edgono Industrial Erletxe\"},\"image\":{\"@id\":\"https:\/\/www.poligonoerletxe.eus\/#\/schema\/logo\/image\/\"}},{\"@type\":\"Person\",\"@id\":\"https:\/\/www.poligonoerletxe.eus\/#\/schema\/person\/c92a93bc4b7d75f56379b981a9b61af3\",\"name\":\"AEPIE\",\"sameAs\":[\"http:\/\/www.poligonoerletxe.eus\"],\"url\":\"https:\/\/www.poligonoerletxe.eus\/eu\/author\/aepie\/\"}]}<\/script>\n<!-- \/ Yoast SEO plugin. -->","yoast_head_json":{"title":"Ferrotall presenta su primer Open House - Pol\u00edgono Industrial Erletxe","description":"Con motivo del 40 aniversario del grupo empresarial Ferrotall se van a organizar un Open House en sus instalaciones de Galdakao.","robots":{"index":"index","follow":"follow","max-snippet":"max-snippet:-1","max-image-preview":"max-image-preview:large","max-video-preview":"max-video-preview:-1"},"canonical":"https:\/\/www.poligonoerletxe.eus\/eu\/ferrotall-presenta-su-primer-open-house-de-maquinaria-en-la-sede-de-galdakano\/","og_locale":"en_US","og_type":"article","og_title":"Ferrotall presenta su primer Open House - Pol\u00edgono Industrial Erletxe","og_description":"Con motivo del 40 aniversario del grupo empresarial Ferrotall se van a organizar un Open House en sus instalaciones de Galdakao.","og_url":"https:\/\/www.poligonoerletxe.eus\/eu\/ferrotall-presenta-su-primer-open-house-de-maquinaria-en-la-sede-de-galdakano\/","og_site_name":"Pol\u00edgono Industrial Erletxe","article_published_time":"2021-10-18T09:21:35+00:00","article_modified_time":"2021-10-20T12:37:54+00:00","og_image":[{"width":900,"height":585,"url":"https:\/\/www.poligonoerletxe.eus\/wp-content\/uploads\/OpenHouse-Ferrotall.jpg","type":"image\/jpeg"}],"author":"AEPIE","twitter_card":"summary_large_image","twitter_misc":{"Written by":"AEPIE","Est. reading time":"1 minutua"},"schema":{"@context":"https:\/\/schema.org","@graph":[{"@type":"Article","@id":"https:\/\/www.poligonoerletxe.eus\/ferrotall-presenta-su-primer-open-house-de-maquinaria-en-la-sede-de-galdakano\/#article","isPartOf":{"@id":"https:\/\/www.poligonoerletxe.eus\/ferrotall-presenta-su-primer-open-house-de-maquinaria-en-la-sede-de-galdakano\/"},"author":{"name":"AEPIE","@id":"https:\/\/www.poligonoerletxe.eus\/#\/schema\/person\/c92a93bc4b7d75f56379b981a9b61af3"},"headline":"Ferrotall presenta su primer Open House de maquinaria en la sede de Galdakao","datePublished":"2021-10-18T09:21:35+00:00","dateModified":"2021-10-20T12:37:54+00:00","mainEntityOfPage":{"@id":"https:\/\/www.poligonoerletxe.eus\/ferrotall-presenta-su-primer-open-house-de-maquinaria-en-la-sede-de-galdakano\/"},"wordCount":179,"publisher":{"@id":"https:\/\/www.poligonoerletxe.eus\/#organization"},"image":{"@id":"https:\/\/www.poligonoerletxe.eus\/ferrotall-presenta-su-primer-open-house-de-maquinaria-en-la-sede-de-galdakano\/#primaryimage"},"thumbnailUrl":"https:\/\/www.poligonoerletxe.eus\/wp-content\/uploads\/OpenHouse-Ferrotall.jpg","articleSection":["Novedades"],"inLanguage":"eu"},{"@type":"WebPage","@id":"https:\/\/www.poligonoerletxe.eus\/ferrotall-presenta-su-primer-open-house-de-maquinaria-en-la-sede-de-galdakano\/","url":"https:\/\/www.poligonoerletxe.eus\/ferrotall-presenta-su-primer-open-house-de-maquinaria-en-la-sede-de-galdakano\/","name":"Ferrotall presenta su primer Open House - Pol\u00edgono Industrial Erletxe","isPartOf":{"@id":"https:\/\/www.poligonoerletxe.eus\/#website"},"primaryImageOfPage":{"@id":"https:\/\/www.poligonoerletxe.eus\/ferrotall-presenta-su-primer-open-house-de-maquinaria-en-la-sede-de-galdakano\/#primaryimage"},"image":{"@id":"https:\/\/www.poligonoerletxe.eus\/ferrotall-presenta-su-primer-open-house-de-maquinaria-en-la-sede-de-galdakano\/#primaryimage"},"thumbnailUrl":"https:\/\/www.poligonoerletxe.eus\/wp-content\/uploads\/OpenHouse-Ferrotall.jpg","datePublished":"2021-10-18T09:21:35+00:00","dateModified":"2021-10-20T12:37:54+00:00","description":"Con motivo del 40 aniversario del grupo empresarial Ferrotall se van a organizar un Open House en sus instalaciones de Galdakao.","breadcrumb":{"@id":"https:\/\/www.poligonoerletxe.eus\/ferrotall-presenta-su-primer-open-house-de-maquinaria-en-la-sede-de-galdakano\/#breadcrumb"},"inLanguage":"eu","potentialAction":[{"@type":"ReadAction","target":["https:\/\/www.poligonoerletxe.eus\/ferrotall-presenta-su-primer-open-house-de-maquinaria-en-la-sede-de-galdakano\/"]}]},{"@type":"ImageObject","inLanguage":"eu","@id":"https:\/\/www.poligonoerletxe.eus\/ferrotall-presenta-su-primer-open-house-de-maquinaria-en-la-sede-de-galdakano\/#primaryimage","url":"https:\/\/www.poligonoerletxe.eus\/wp-content\/uploads\/OpenHouse-Ferrotall.jpg","contentUrl":"https:\/\/www.poligonoerletxe.eus\/wp-content\/uploads\/OpenHouse-Ferrotall.jpg","width":900,"height":585,"caption":"Open House Ferrotall"},{"@type":"BreadcrumbList","@id":"https:\/\/www.poligonoerletxe.eus\/ferrotall-presenta-su-primer-open-house-de-maquinaria-en-la-sede-de-galdakano\/#breadcrumb","itemListElement":[{"@type":"ListItem","position":1,"name":"Inicio","item":"https:\/\/www.poligonoerletxe.eus\/"},{"@type":"ListItem","position":2,"name":"Ferrotall presenta su primer Open House de maquinaria en la sede de Galdakao"}]},{"@type":"WebSite","@id":"https:\/\/www.poligonoerletxe.eus\/#website","url":"https:\/\/www.poligonoerletxe.eus\/","name":"industrialdeak, bere enpresa-elkartearen bitartez, aktiboki parte hartuko du hurrengo Makina-Erremintaren Nazioarteko Biurtekoan (BIEMH),","description":"Asociaci\u00f3n Empresarial","publisher":{"@id":"https:\/\/www.poligonoerletxe.eus\/#organization"},"potentialAction":[{"@type":"SearchAction","target":{"@type":"EntryPoint","urlTemplate":"https:\/\/www.poligonoerletxe.eus\/?s={search_term_string}"},"query-input":{"@type":"PropertyValueSpecification","valueRequired":true,"valueName":"search_term_string"}}],"inLanguage":"eu"},{"@type":"Organization","@id":"https:\/\/www.poligonoerletxe.eus\/#organization","name":"industrialdeak, bere enpresa-elkartearen bitartez, aktiboki parte hartuko du hurrengo Makina-Erremintaren Nazioarteko Biurtekoan (BIEMH),","url":"https:\/\/www.poligonoerletxe.eus\/","logo":{"@type":"ImageObject","inLanguage":"eu","@id":"https:\/\/www.poligonoerletxe.eus\/#\/schema\/logo\/image\/","url":"https:\/\/www.poligonoerletxe.eus\/wp-content\/uploads\/Logotipo-PoligonoIndustrialErletxe.png","contentUrl":"https:\/\/www.poligonoerletxe.eus\/wp-content\/uploads\/Logotipo-PoligonoIndustrialErletxe.png","width":700,"height":262,"caption":"Pol\u00edgono Industrial Erletxe"},"image":{"@id":"https:\/\/www.poligonoerletxe.eus\/#\/schema\/logo\/image\/"}},{"@type":"Person","@id":"https:\/\/www.poligonoerletxe.eus\/#\/schema\/person\/c92a93bc4b7d75f56379b981a9b61af3","name":"AEPIE","sameAs":["http:\/\/www.poligonoerletxe.eus"],"url":"https:\/\/www.poligonoerletxe.eus\/eu\/author\/aepie\/"}]}},"_links":{"self":[{"href":"https:\/\/www.poligonoerletxe.eus\/eu\/wp-json\/wp\/v2\/posts\/605","targetHints":{"allow":["GET"]}}],"collection":[{"href":"https:\/\/www.poligonoerletxe.eus\/eu\/wp-json\/wp\/v2\/posts"}],"about":[{"href":"https:\/\/www.poligonoerletxe.eus\/eu\/wp-json\/wp\/v2\/types\/post"}],"author":[{"embeddable":true,"href":"https:\/\/www.poligonoerletxe.eus\/eu\/wp-json\/wp\/v2\/users\/1"}],"replies":[{"embeddable":true,"href":"https:\/\/www.poligonoerletxe.eus\/eu\/wp-json\/wp\/v2\/comments?post=605"}],"version-history":[{"count":6,"href":"https:\/\/www.poligonoerletxe.eus\/eu\/wp-json\/wp\/v2\/posts\/605\/revisions"}],"predecessor-version":[{"id":628,"href":"https:\/\/www.poligonoerletxe.eus\/eu\/wp-json\/wp\/v2\/posts\/605\/revisions\/628"}],"wp:featuredmedia":[{"embeddable":true,"href":"https:\/\/www.poligonoerletxe.eus\/eu\/wp-json\/wp\/v2\/media\/626"}],"wp:attachment":[{"href":"https:\/\/www.poligonoerletxe.eus\/eu\/wp-json\/wp\/v2\/media?parent=605"}],"wp:term":[{"taxonomy":"category","embeddable":true,"href":"https:\/\/www.poligonoerletxe.eus\/eu\/wp-json\/wp\/v2\/categories?post=605"},{"taxonomy":"post_tag","embeddable":true,"href":"https:\/\/www.poligonoerletxe.eus\/eu\/wp-json\/wp\/v2\/tags?post=605"}],"curies":[{"name":"wp","href":"https:\/\/api.w.org\/{rel}","templated":true}]}}