{"id":656,"date":"2022-05-12T11:35:38","date_gmt":"2022-05-12T11:35:38","guid":{"rendered":"https:\/\/www.poligonoerletxe.eus\/?p=656"},"modified":"2022-05-12T11:35:40","modified_gmt":"2022-05-12T11:35:40","slug":"asamblea-general-2022","status":"publish","type":"post","link":"https:\/\/www.poligonoerletxe.eus\/eu\/asamblea-general-2022\/","title":{"rendered":"Batzar Nagusia 2022"},"content":{"rendered":"<p>Elkartearen Zuzendaritza Batzordeak 2022ko Ohiko Batzar Nagusirako deia egiten die bazkideei, eta poligonoko jabeak, finka-administratzaileak eta tokiko gobernua gonbidatzen ditu.<\/p>\n\n\n\n<p>Gai-zerrenda:<\/p>\n\n\n\n<ol class=\"wp-block-list\"><li>Agur instituzionala<\/li><li>2021eko ekitaldiko kontuak aurkeztea eta, hala badagokio, onartzea<\/li><li>Elkartearen jarduerak<\/li><li>Etorkizuneko proiektuak<\/li><li>Galde-eskeak<\/li><li>Bilera hori ordubetekoa izango da, gutxi gorabehera. Bilera amaitzean, lunch bat dastatuko dugu.<\/li><\/ol>\n\n\n\n<p>Aparkalekuak izango ditugu Lapurdi aparkalekuan.<\/p>\n\n\n\n<p>Torrezabal Kultur Etxea, GALDAKAO<br>2022ko maiatzaren 13an, 10: 00etan<\/p>","protected":false},"excerpt":{"rendered":"<p>La Junta Directiva de la Asociaci\u00f3n convoca a sus asociados a su Asamblea General Ordinaria 2022 e invita a los propietarios del Pol\u00edgono, Administradores de Fincas y Gobierno local. Orden del d\u00eda: Saludo institucional Presentaci\u00f3n y aprobaci\u00f3n, si procede, de las cuentas del ejercicio 2021 Actividades de la Asociaci\u00f3n Proyectos futuros Ruegos y preguntas La &#8230; <a title=\"Batzar Nagusia 2022\" class=\"read-more\" href=\"https:\/\/www.poligonoerletxe.eus\/eu\/asamblea-general-2022\/\" aria-label=\"Read more about Asamblea General 2022\">Gehiago irakurri<\/a><\/p>","protected":false},"author":1,"featured_media":658,"comment_status":"closed","ping_status":"closed","sticky":false,"template":"","format":"standard","meta":{"_acf_changed":false,"footnotes":""},"categories":[1],"tags":[],"class_list":["post-656","post","type-post","status-publish","format-standard","has-post-thumbnail","hentry","category-novedades"],"acf":[],"yoast_head":"<!-- This site is optimized with the Yoast SEO plugin v26.9 - https:\/\/yoast.com\/product\/yoast-seo-wordpress\/ -->\n<title>Asamblea General 2022 - Pol\u00edgono Industrial Erletxe<\/title>\n<meta name=\"description\" content=\"La Junta Directiva de la Asociaci\u00f3n convoca a sus asociados a su Asamblea General Ordinaria 2022 en Torrezabal Kultur Etxea, Galdakao.\" \/>\n<meta name=\"robots\" content=\"index, follow, max-snippet:-1, max-image-preview:large, max-video-preview:-1\" \/>\n<link rel=\"canonical\" href=\"https:\/\/www.poligonoerletxe.eus\/eu\/asamblea-general-2022\/\" \/>\n<meta property=\"og:locale\" content=\"en_US\" \/>\n<meta property=\"og:type\" content=\"article\" \/>\n<meta property=\"og:title\" content=\"Asamblea General 2022 - Pol\u00edgono Industrial Erletxe\" \/>\n<meta property=\"og:description\" content=\"La Junta Directiva de la Asociaci\u00f3n convoca a sus asociados a su Asamblea General Ordinaria 2022 en Torrezabal Kultur Etxea, Galdakao.\" \/>\n<meta property=\"og:url\" content=\"https:\/\/www.poligonoerletxe.eus\/eu\/asamblea-general-2022\/\" \/>\n<meta property=\"og:site_name\" content=\"Pol\u00edgono Industrial Erletxe\" \/>\n<meta property=\"article:published_time\" content=\"2022-05-12T11:35:38+00:00\" \/>\n<meta property=\"article:modified_time\" content=\"2022-05-12T11:35:40+00:00\" \/>\n<meta property=\"og:image\" content=\"https:\/\/www.poligonoerletxe.eus\/wp-content\/uploads\/TorrezabalKulturEtxea.jpg\" \/>\n\t<meta property=\"og:image:width\" content=\"427\" \/>\n\t<meta property=\"og:image:height\" content=\"357\" \/>\n\t<meta property=\"og:image:type\" content=\"image\/jpeg\" \/>\n<meta name=\"author\" content=\"AEPIE\" \/>\n<meta name=\"twitter:card\" content=\"summary_large_image\" \/>\n<meta name=\"twitter:label1\" content=\"Written by\" \/>\n\t<meta name=\"twitter:data1\" content=\"AEPIE\" \/>\n\t<meta name=\"twitter:label2\" content=\"Est. reading time\" \/>\n\t<meta name=\"twitter:data2\" content=\"1 minutua\" \/>\n<script type=\"application\/ld+json\" class=\"yoast-schema-graph\">{\"@context\":\"https:\/\/schema.org\",\"@graph\":[{\"@type\":\"Article\",\"@id\":\"https:\/\/www.poligonoerletxe.eus\/asamblea-general-2022\/#article\",\"isPartOf\":{\"@id\":\"https:\/\/www.poligonoerletxe.eus\/asamblea-general-2022\/\"},\"author\":{\"name\":\"AEPIE\",\"@id\":\"https:\/\/www.poligonoerletxe.eus\/#\/schema\/person\/c92a93bc4b7d75f56379b981a9b61af3\"},\"headline\":\"Asamblea General 2022\",\"datePublished\":\"2022-05-12T11:35:38+00:00\",\"dateModified\":\"2022-05-12T11:35:40+00:00\",\"mainEntityOfPage\":{\"@id\":\"https:\/\/www.poligonoerletxe.eus\/asamblea-general-2022\/\"},\"wordCount\":99,\"publisher\":{\"@id\":\"https:\/\/www.poligonoerletxe.eus\/#organization\"},\"image\":{\"@id\":\"https:\/\/www.poligonoerletxe.eus\/asamblea-general-2022\/#primaryimage\"},\"thumbnailUrl\":\"https:\/\/www.poligonoerletxe.eus\/wp-content\/uploads\/TorrezabalKulturEtxea.jpg\",\"articleSection\":[\"Novedades\"],\"inLanguage\":\"eu\"},{\"@type\":\"WebPage\",\"@id\":\"https:\/\/www.poligonoerletxe.eus\/asamblea-general-2022\/\",\"url\":\"https:\/\/www.poligonoerletxe.eus\/asamblea-general-2022\/\",\"name\":\"Asamblea General 2022 - Pol\u00edgono Industrial Erletxe\",\"isPartOf\":{\"@id\":\"https:\/\/www.poligonoerletxe.eus\/#website\"},\"primaryImageOfPage\":{\"@id\":\"https:\/\/www.poligonoerletxe.eus\/asamblea-general-2022\/#primaryimage\"},\"image\":{\"@id\":\"https:\/\/www.poligonoerletxe.eus\/asamblea-general-2022\/#primaryimage\"},\"thumbnailUrl\":\"https:\/\/www.poligonoerletxe.eus\/wp-content\/uploads\/TorrezabalKulturEtxea.jpg\",\"datePublished\":\"2022-05-12T11:35:38+00:00\",\"dateModified\":\"2022-05-12T11:35:40+00:00\",\"description\":\"La Junta Directiva de la Asociaci\u00f3n convoca a sus asociados a su Asamblea General Ordinaria 2022 en Torrezabal Kultur Etxea, Galdakao.\",\"breadcrumb\":{\"@id\":\"https:\/\/www.poligonoerletxe.eus\/asamblea-general-2022\/#breadcrumb\"},\"inLanguage\":\"eu\",\"potentialAction\":[{\"@type\":\"ReadAction\",\"target\":[\"https:\/\/www.poligonoerletxe.eus\/asamblea-general-2022\/\"]}]},{\"@type\":\"ImageObject\",\"inLanguage\":\"eu\",\"@id\":\"https:\/\/www.poligonoerletxe.eus\/asamblea-general-2022\/#primaryimage\",\"url\":\"https:\/\/www.poligonoerletxe.eus\/wp-content\/uploads\/TorrezabalKulturEtxea.jpg\",\"contentUrl\":\"https:\/\/www.poligonoerletxe.eus\/wp-content\/uploads\/TorrezabalKulturEtxea.jpg\",\"width\":427,\"height\":357,\"caption\":\"Torrezabal Kultur Etxea\"},{\"@type\":\"BreadcrumbList\",\"@id\":\"https:\/\/www.poligonoerletxe.eus\/asamblea-general-2022\/#breadcrumb\",\"itemListElement\":[{\"@type\":\"ListItem\",\"position\":1,\"name\":\"Inicio\",\"item\":\"https:\/\/www.poligonoerletxe.eus\/\"},{\"@type\":\"ListItem\",\"position\":2,\"name\":\"Asamblea General 2022\"}]},{\"@type\":\"WebSite\",\"@id\":\"https:\/\/www.poligonoerletxe.eus\/#website\",\"url\":\"https:\/\/www.poligonoerletxe.eus\/\",\"name\":\"Pol\u00edgono Industrial Erletxe\",\"description\":\"Asociaci\u00f3n Empresarial\",\"publisher\":{\"@id\":\"https:\/\/www.poligonoerletxe.eus\/#organization\"},\"potentialAction\":[{\"@type\":\"SearchAction\",\"target\":{\"@type\":\"EntryPoint\",\"urlTemplate\":\"https:\/\/www.poligonoerletxe.eus\/?s={search_term_string}\"},\"query-input\":{\"@type\":\"PropertyValueSpecification\",\"valueRequired\":true,\"valueName\":\"search_term_string\"}}],\"inLanguage\":\"eu\"},{\"@type\":\"Organization\",\"@id\":\"https:\/\/www.poligonoerletxe.eus\/#organization\",\"name\":\"Pol\u00edgono Industrial Erletxe\",\"url\":\"https:\/\/www.poligonoerletxe.eus\/\",\"logo\":{\"@type\":\"ImageObject\",\"inLanguage\":\"eu\",\"@id\":\"https:\/\/www.poligonoerletxe.eus\/#\/schema\/logo\/image\/\",\"url\":\"https:\/\/www.poligonoerletxe.eus\/wp-content\/uploads\/Logotipo-PoligonoIndustrialErletxe.png\",\"contentUrl\":\"https:\/\/www.poligonoerletxe.eus\/wp-content\/uploads\/Logotipo-PoligonoIndustrialErletxe.png\",\"width\":700,\"height\":262,\"caption\":\"Pol\u00edgono Industrial Erletxe\"},\"image\":{\"@id\":\"https:\/\/www.poligonoerletxe.eus\/#\/schema\/logo\/image\/\"}},{\"@type\":\"Person\",\"@id\":\"https:\/\/www.poligonoerletxe.eus\/#\/schema\/person\/c92a93bc4b7d75f56379b981a9b61af3\",\"name\":\"AEPIE\",\"sameAs\":[\"http:\/\/www.poligonoerletxe.eus\"],\"url\":\"https:\/\/www.poligonoerletxe.eus\/eu\/author\/aepie\/\"}]}<\/script>\n<!-- \/ Yoast SEO plugin. -->","yoast_head_json":{"title":"Asamblea General 2022 - Pol\u00edgono Industrial Erletxe","description":"La Junta Directiva de la Asociaci\u00f3n convoca a sus asociados a su Asamblea General Ordinaria 2022 en Torrezabal Kultur Etxea, Galdakao.","robots":{"index":"index","follow":"follow","max-snippet":"max-snippet:-1","max-image-preview":"max-image-preview:large","max-video-preview":"max-video-preview:-1"},"canonical":"https:\/\/www.poligonoerletxe.eus\/eu\/asamblea-general-2022\/","og_locale":"en_US","og_type":"article","og_title":"Asamblea General 2022 - Pol\u00edgono Industrial Erletxe","og_description":"La Junta Directiva de la Asociaci\u00f3n convoca a sus asociados a su Asamblea General Ordinaria 2022 en Torrezabal Kultur Etxea, Galdakao.","og_url":"https:\/\/www.poligonoerletxe.eus\/eu\/asamblea-general-2022\/","og_site_name":"Pol\u00edgono Industrial Erletxe","article_published_time":"2022-05-12T11:35:38+00:00","article_modified_time":"2022-05-12T11:35:40+00:00","og_image":[{"width":427,"height":357,"url":"https:\/\/www.poligonoerletxe.eus\/wp-content\/uploads\/TorrezabalKulturEtxea.jpg","type":"image\/jpeg"}],"author":"AEPIE","twitter_card":"summary_large_image","twitter_misc":{"Written by":"AEPIE","Est. reading time":"1 minutua"},"schema":{"@context":"https:\/\/schema.org","@graph":[{"@type":"Article","@id":"https:\/\/www.poligonoerletxe.eus\/asamblea-general-2022\/#article","isPartOf":{"@id":"https:\/\/www.poligonoerletxe.eus\/asamblea-general-2022\/"},"author":{"name":"AEPIE","@id":"https:\/\/www.poligonoerletxe.eus\/#\/schema\/person\/c92a93bc4b7d75f56379b981a9b61af3"},"headline":"Asamblea General 2022","datePublished":"2022-05-12T11:35:38+00:00","dateModified":"2022-05-12T11:35:40+00:00","mainEntityOfPage":{"@id":"https:\/\/www.poligonoerletxe.eus\/asamblea-general-2022\/"},"wordCount":99,"publisher":{"@id":"https:\/\/www.poligonoerletxe.eus\/#organization"},"image":{"@id":"https:\/\/www.poligonoerletxe.eus\/asamblea-general-2022\/#primaryimage"},"thumbnailUrl":"https:\/\/www.poligonoerletxe.eus\/wp-content\/uploads\/TorrezabalKulturEtxea.jpg","articleSection":["Novedades"],"inLanguage":"eu"},{"@type":"WebPage","@id":"https:\/\/www.poligonoerletxe.eus\/asamblea-general-2022\/","url":"https:\/\/www.poligonoerletxe.eus\/asamblea-general-2022\/","name":"Asamblea General 2022 - Pol\u00edgono Industrial Erletxe","isPartOf":{"@id":"https:\/\/www.poligonoerletxe.eus\/#website"},"primaryImageOfPage":{"@id":"https:\/\/www.poligonoerletxe.eus\/asamblea-general-2022\/#primaryimage"},"image":{"@id":"https:\/\/www.poligonoerletxe.eus\/asamblea-general-2022\/#primaryimage"},"thumbnailUrl":"https:\/\/www.poligonoerletxe.eus\/wp-content\/uploads\/TorrezabalKulturEtxea.jpg","datePublished":"2022-05-12T11:35:38+00:00","dateModified":"2022-05-12T11:35:40+00:00","description":"La Junta Directiva de la Asociaci\u00f3n convoca a sus asociados a su Asamblea General Ordinaria 2022 en Torrezabal Kultur Etxea, Galdakao.","breadcrumb":{"@id":"https:\/\/www.poligonoerletxe.eus\/asamblea-general-2022\/#breadcrumb"},"inLanguage":"eu","potentialAction":[{"@type":"ReadAction","target":["https:\/\/www.poligonoerletxe.eus\/asamblea-general-2022\/"]}]},{"@type":"ImageObject","inLanguage":"eu","@id":"https:\/\/www.poligonoerletxe.eus\/asamblea-general-2022\/#primaryimage","url":"https:\/\/www.poligonoerletxe.eus\/wp-content\/uploads\/TorrezabalKulturEtxea.jpg","contentUrl":"https:\/\/www.poligonoerletxe.eus\/wp-content\/uploads\/TorrezabalKulturEtxea.jpg","width":427,"height":357,"caption":"Torrezabal Kultur Etxea"},{"@type":"BreadcrumbList","@id":"https:\/\/www.poligonoerletxe.eus\/asamblea-general-2022\/#breadcrumb","itemListElement":[{"@type":"ListItem","position":1,"name":"Inicio","item":"https:\/\/www.poligonoerletxe.eus\/"},{"@type":"ListItem","position":2,"name":"Asamblea General 2022"}]},{"@type":"WebSite","@id":"https:\/\/www.poligonoerletxe.eus\/#website","url":"https:\/\/www.poligonoerletxe.eus\/","name":"industrialdeak, bere enpresa-elkartearen bitartez, aktiboki parte hartuko du hurrengo Makina-Erremintaren Nazioarteko Biurtekoan (BIEMH),","description":"Asociaci\u00f3n Empresarial","publisher":{"@id":"https:\/\/www.poligonoerletxe.eus\/#organization"},"potentialAction":[{"@type":"SearchAction","target":{"@type":"EntryPoint","urlTemplate":"https:\/\/www.poligonoerletxe.eus\/?s={search_term_string}"},"query-input":{"@type":"PropertyValueSpecification","valueRequired":true,"valueName":"search_term_string"}}],"inLanguage":"eu"},{"@type":"Organization","@id":"https:\/\/www.poligonoerletxe.eus\/#organization","name":"industrialdeak, bere enpresa-elkartearen bitartez, aktiboki parte hartuko du hurrengo Makina-Erremintaren Nazioarteko Biurtekoan (BIEMH),","url":"https:\/\/www.poligonoerletxe.eus\/","logo":{"@type":"ImageObject","inLanguage":"eu","@id":"https:\/\/www.poligonoerletxe.eus\/#\/schema\/logo\/image\/","url":"https:\/\/www.poligonoerletxe.eus\/wp-content\/uploads\/Logotipo-PoligonoIndustrialErletxe.png","contentUrl":"https:\/\/www.poligonoerletxe.eus\/wp-content\/uploads\/Logotipo-PoligonoIndustrialErletxe.png","width":700,"height":262,"caption":"Pol\u00edgono Industrial Erletxe"},"image":{"@id":"https:\/\/www.poligonoerletxe.eus\/#\/schema\/logo\/image\/"}},{"@type":"Person","@id":"https:\/\/www.poligonoerletxe.eus\/#\/schema\/person\/c92a93bc4b7d75f56379b981a9b61af3","name":"AEPIE","sameAs":["http:\/\/www.poligonoerletxe.eus"],"url":"https:\/\/www.poligonoerletxe.eus\/eu\/author\/aepie\/"}]}},"_links":{"self":[{"href":"https:\/\/www.poligonoerletxe.eus\/eu\/wp-json\/wp\/v2\/posts\/656","targetHints":{"allow":["GET"]}}],"collection":[{"href":"https:\/\/www.poligonoerletxe.eus\/eu\/wp-json\/wp\/v2\/posts"}],"about":[{"href":"https:\/\/www.poligonoerletxe.eus\/eu\/wp-json\/wp\/v2\/types\/post"}],"author":[{"embeddable":true,"href":"https:\/\/www.poligonoerletxe.eus\/eu\/wp-json\/wp\/v2\/users\/1"}],"replies":[{"embeddable":true,"href":"https:\/\/www.poligonoerletxe.eus\/eu\/wp-json\/wp\/v2\/comments?post=656"}],"version-history":[{"count":1,"href":"https:\/\/www.poligonoerletxe.eus\/eu\/wp-json\/wp\/v2\/posts\/656\/revisions"}],"predecessor-version":[{"id":659,"href":"https:\/\/www.poligonoerletxe.eus\/eu\/wp-json\/wp\/v2\/posts\/656\/revisions\/659"}],"wp:featuredmedia":[{"embeddable":true,"href":"https:\/\/www.poligonoerletxe.eus\/eu\/wp-json\/wp\/v2\/media\/658"}],"wp:attachment":[{"href":"https:\/\/www.poligonoerletxe.eus\/eu\/wp-json\/wp\/v2\/media?parent=656"}],"wp:term":[{"taxonomy":"category","embeddable":true,"href":"https:\/\/www.poligonoerletxe.eus\/eu\/wp-json\/wp\/v2\/categories?post=656"},{"taxonomy":"post_tag","embeddable":true,"href":"https:\/\/www.poligonoerletxe.eus\/eu\/wp-json\/wp\/v2\/tags?post=656"}],"curies":[{"name":"wp","href":"https:\/\/api.w.org\/{rel}","templated":true}]}}