{"id":747,"date":"2023-05-11T14:10:10","date_gmt":"2023-05-11T14:10:10","guid":{"rendered":"https:\/\/www.poligonoerletxe.eus\/?p=747"},"modified":"2023-05-11T14:11:58","modified_gmt":"2023-05-11T14:11:58","slug":"asamblea-general-2023","status":"publish","type":"post","link":"https:\/\/www.poligonoerletxe.eus\/eu\/asamblea-general-2023\/","title":{"rendered":"2023ko Batzar Nagusia"},"content":{"rendered":"<p>Ostegun honetan, 2023ko maiatzaren 11n, Erletxe Industrialdeko Enpresa Elkartearen Batzar Nagusia egingo da. Ekitaldia Galdakaoko Oyarzabal Jatetxean izango da eta bertan Elkarteko Zuzendaritzak elkargokideen deialdia egiten du goizeko 9:30ean.<\/p>\n\n\n\n<iframe src=\"https:\/\/www.google.com\/maps\/embed?pb=!1m14!1m8!1m3!1d11626.912069701142!2d-2.8040979!3d43.2361618!3m2!1i1024!2i768!4f13.1!3m3!1m2!1s0xd4e49961579a729%3A0xa2333ef217dd5337!2sRestaurante%20Oyarzabal!5e0!3m2!1ses!2ses!4v1683814187016!5m2!1ses!2ses\" height=\"300\" width=\"1000\" style=\"border:0;\" allowfullscreen=\"\" loading=\"lazy\" referrerpolicy=\"no-referrer-when-downgrade\"><\/iframe>","protected":false},"excerpt":{"rendered":"<p>Ostegun honetan, 2023ko maiatzaren 11n, Erletxe Industrialdeko Enpresa Elkartearen Batzar Nagusia egingo da. Ekitaldia Galdakaoko Oyarzabal Jatetxean izango da eta bertan Elkarteko Zuzendaritzak elkargokideen deialdia egiten du goizeko 9:30ean.<\/p>","protected":false},"author":1,"featured_media":748,"comment_status":"closed","ping_status":"closed","sticky":false,"template":"","format":"standard","meta":{"_acf_changed":false,"footnotes":""},"categories":[1],"tags":[],"class_list":["post-747","post","type-post","status-publish","format-standard","has-post-thumbnail","hentry","category-novedades"],"acf":[],"yoast_head":"<!-- This site is optimized with the Yoast SEO plugin v26.9 - https:\/\/yoast.com\/product\/yoast-seo-wordpress\/ -->\n<title>Asamblea General 2023 - Pol\u00edgono Industrial Erletxe<\/title>\n<meta name=\"description\" content=\"Este jueves, 11 de mayo de 2023, tendr\u00e1 lugar la Asamblea General de la Asociaci\u00f3n Empresarial del Pol\u00edgono Industrial Erletxe.\" \/>\n<meta name=\"robots\" content=\"index, follow, max-snippet:-1, max-image-preview:large, max-video-preview:-1\" \/>\n<link rel=\"canonical\" href=\"https:\/\/www.poligonoerletxe.eus\/eu\/asamblea-general-2023\/\" \/>\n<meta property=\"og:locale\" content=\"en_US\" \/>\n<meta property=\"og:type\" content=\"article\" \/>\n<meta property=\"og:title\" content=\"Asamblea General 2023 - Pol\u00edgono Industrial Erletxe\" \/>\n<meta property=\"og:description\" content=\"Este jueves, 11 de mayo de 2023, tendr\u00e1 lugar la Asamblea General de la Asociaci\u00f3n Empresarial del Pol\u00edgono Industrial Erletxe.\" \/>\n<meta property=\"og:url\" content=\"https:\/\/www.poligonoerletxe.eus\/eu\/asamblea-general-2023\/\" \/>\n<meta property=\"og:site_name\" content=\"Pol\u00edgono Industrial Erletxe\" \/>\n<meta property=\"article:published_time\" content=\"2023-05-11T14:10:10+00:00\" \/>\n<meta property=\"article:modified_time\" content=\"2023-05-11T14:11:58+00:00\" \/>\n<meta property=\"og:image\" content=\"https:\/\/www.poligonoerletxe.eus\/wp-content\/uploads\/AEPIE-Asambrea-Batzarra-2023.jpg\" \/>\n\t<meta property=\"og:image:width\" content=\"1000\" \/>\n\t<meta property=\"og:image:height\" content=\"672\" \/>\n\t<meta property=\"og:image:type\" content=\"image\/jpeg\" \/>\n<meta name=\"author\" content=\"AEPIE\" \/>\n<meta name=\"twitter:card\" content=\"summary_large_image\" \/>\n<meta name=\"twitter:label1\" content=\"Written by\" \/>\n\t<meta name=\"twitter:data1\" content=\"AEPIE\" \/>\n\t<meta name=\"twitter:label2\" content=\"Est. reading time\" \/>\n\t<meta name=\"twitter:data2\" content=\"1 minutua\" \/>\n<script type=\"application\/ld+json\" class=\"yoast-schema-graph\">{\"@context\":\"https:\/\/schema.org\",\"@graph\":[{\"@type\":\"Article\",\"@id\":\"https:\/\/www.poligonoerletxe.eus\/asamblea-general-2023\/#article\",\"isPartOf\":{\"@id\":\"https:\/\/www.poligonoerletxe.eus\/asamblea-general-2023\/\"},\"author\":{\"name\":\"AEPIE\",\"@id\":\"https:\/\/www.poligonoerletxe.eus\/#\/schema\/person\/c92a93bc4b7d75f56379b981a9b61af3\"},\"headline\":\"Asamblea General 2023\",\"datePublished\":\"2023-05-11T14:10:10+00:00\",\"dateModified\":\"2023-05-11T14:11:58+00:00\",\"mainEntityOfPage\":{\"@id\":\"https:\/\/www.poligonoerletxe.eus\/asamblea-general-2023\/\"},\"wordCount\":47,\"publisher\":{\"@id\":\"https:\/\/www.poligonoerletxe.eus\/#organization\"},\"image\":{\"@id\":\"https:\/\/www.poligonoerletxe.eus\/asamblea-general-2023\/#primaryimage\"},\"thumbnailUrl\":\"https:\/\/www.poligonoerletxe.eus\/wp-content\/uploads\/AEPIE-Asambrea-Batzarra-2023.jpg\",\"articleSection\":[\"Novedades\"],\"inLanguage\":\"eu\"},{\"@type\":\"WebPage\",\"@id\":\"https:\/\/www.poligonoerletxe.eus\/asamblea-general-2023\/\",\"url\":\"https:\/\/www.poligonoerletxe.eus\/asamblea-general-2023\/\",\"name\":\"Asamblea General 2023 - Pol\u00edgono Industrial Erletxe\",\"isPartOf\":{\"@id\":\"https:\/\/www.poligonoerletxe.eus\/#website\"},\"primaryImageOfPage\":{\"@id\":\"https:\/\/www.poligonoerletxe.eus\/asamblea-general-2023\/#primaryimage\"},\"image\":{\"@id\":\"https:\/\/www.poligonoerletxe.eus\/asamblea-general-2023\/#primaryimage\"},\"thumbnailUrl\":\"https:\/\/www.poligonoerletxe.eus\/wp-content\/uploads\/AEPIE-Asambrea-Batzarra-2023.jpg\",\"datePublished\":\"2023-05-11T14:10:10+00:00\",\"dateModified\":\"2023-05-11T14:11:58+00:00\",\"description\":\"Este jueves, 11 de mayo de 2023, tendr\u00e1 lugar la Asamblea General de la Asociaci\u00f3n Empresarial del Pol\u00edgono Industrial Erletxe.\",\"breadcrumb\":{\"@id\":\"https:\/\/www.poligonoerletxe.eus\/asamblea-general-2023\/#breadcrumb\"},\"inLanguage\":\"eu\",\"potentialAction\":[{\"@type\":\"ReadAction\",\"target\":[\"https:\/\/www.poligonoerletxe.eus\/asamblea-general-2023\/\"]}]},{\"@type\":\"ImageObject\",\"inLanguage\":\"eu\",\"@id\":\"https:\/\/www.poligonoerletxe.eus\/asamblea-general-2023\/#primaryimage\",\"url\":\"https:\/\/www.poligonoerletxe.eus\/wp-content\/uploads\/AEPIE-Asambrea-Batzarra-2023.jpg\",\"contentUrl\":\"https:\/\/www.poligonoerletxe.eus\/wp-content\/uploads\/AEPIE-Asambrea-Batzarra-2023.jpg\",\"width\":1000,\"height\":672,\"caption\":\"AEPIE Asamblea Batzarra 2023\"},{\"@type\":\"BreadcrumbList\",\"@id\":\"https:\/\/www.poligonoerletxe.eus\/asamblea-general-2023\/#breadcrumb\",\"itemListElement\":[{\"@type\":\"ListItem\",\"position\":1,\"name\":\"Inicio\",\"item\":\"https:\/\/www.poligonoerletxe.eus\/\"},{\"@type\":\"ListItem\",\"position\":2,\"name\":\"Asamblea General 2023\"}]},{\"@type\":\"WebSite\",\"@id\":\"https:\/\/www.poligonoerletxe.eus\/#website\",\"url\":\"https:\/\/www.poligonoerletxe.eus\/\",\"name\":\"Pol\u00edgono Industrial Erletxe\",\"description\":\"Asociaci\u00f3n Empresarial\",\"publisher\":{\"@id\":\"https:\/\/www.poligonoerletxe.eus\/#organization\"},\"potentialAction\":[{\"@type\":\"SearchAction\",\"target\":{\"@type\":\"EntryPoint\",\"urlTemplate\":\"https:\/\/www.poligonoerletxe.eus\/?s={search_term_string}\"},\"query-input\":{\"@type\":\"PropertyValueSpecification\",\"valueRequired\":true,\"valueName\":\"search_term_string\"}}],\"inLanguage\":\"eu\"},{\"@type\":\"Organization\",\"@id\":\"https:\/\/www.poligonoerletxe.eus\/#organization\",\"name\":\"Pol\u00edgono Industrial Erletxe\",\"url\":\"https:\/\/www.poligonoerletxe.eus\/\",\"logo\":{\"@type\":\"ImageObject\",\"inLanguage\":\"eu\",\"@id\":\"https:\/\/www.poligonoerletxe.eus\/#\/schema\/logo\/image\/\",\"url\":\"https:\/\/www.poligonoerletxe.eus\/wp-content\/uploads\/Logotipo-PoligonoIndustrialErletxe.png\",\"contentUrl\":\"https:\/\/www.poligonoerletxe.eus\/wp-content\/uploads\/Logotipo-PoligonoIndustrialErletxe.png\",\"width\":700,\"height\":262,\"caption\":\"Pol\u00edgono Industrial Erletxe\"},\"image\":{\"@id\":\"https:\/\/www.poligonoerletxe.eus\/#\/schema\/logo\/image\/\"}},{\"@type\":\"Person\",\"@id\":\"https:\/\/www.poligonoerletxe.eus\/#\/schema\/person\/c92a93bc4b7d75f56379b981a9b61af3\",\"name\":\"AEPIE\",\"sameAs\":[\"http:\/\/www.poligonoerletxe.eus\"],\"url\":\"https:\/\/www.poligonoerletxe.eus\/eu\/author\/aepie\/\"}]}<\/script>\n<!-- \/ Yoast SEO plugin. -->","yoast_head_json":{"title":"Asamblea General 2023 - Pol\u00edgono Industrial Erletxe","description":"Este jueves, 11 de mayo de 2023, tendr\u00e1 lugar la Asamblea General de la Asociaci\u00f3n Empresarial del Pol\u00edgono Industrial Erletxe.","robots":{"index":"index","follow":"follow","max-snippet":"max-snippet:-1","max-image-preview":"max-image-preview:large","max-video-preview":"max-video-preview:-1"},"canonical":"https:\/\/www.poligonoerletxe.eus\/eu\/asamblea-general-2023\/","og_locale":"en_US","og_type":"article","og_title":"Asamblea General 2023 - Pol\u00edgono Industrial Erletxe","og_description":"Este jueves, 11 de mayo de 2023, tendr\u00e1 lugar la Asamblea General de la Asociaci\u00f3n Empresarial del Pol\u00edgono Industrial Erletxe.","og_url":"https:\/\/www.poligonoerletxe.eus\/eu\/asamblea-general-2023\/","og_site_name":"Pol\u00edgono Industrial Erletxe","article_published_time":"2023-05-11T14:10:10+00:00","article_modified_time":"2023-05-11T14:11:58+00:00","og_image":[{"width":1000,"height":672,"url":"https:\/\/www.poligonoerletxe.eus\/wp-content\/uploads\/AEPIE-Asambrea-Batzarra-2023.jpg","type":"image\/jpeg"}],"author":"AEPIE","twitter_card":"summary_large_image","twitter_misc":{"Written by":"AEPIE","Est. reading time":"1 minutua"},"schema":{"@context":"https:\/\/schema.org","@graph":[{"@type":"Article","@id":"https:\/\/www.poligonoerletxe.eus\/asamblea-general-2023\/#article","isPartOf":{"@id":"https:\/\/www.poligonoerletxe.eus\/asamblea-general-2023\/"},"author":{"name":"AEPIE","@id":"https:\/\/www.poligonoerletxe.eus\/#\/schema\/person\/c92a93bc4b7d75f56379b981a9b61af3"},"headline":"Asamblea General 2023","datePublished":"2023-05-11T14:10:10+00:00","dateModified":"2023-05-11T14:11:58+00:00","mainEntityOfPage":{"@id":"https:\/\/www.poligonoerletxe.eus\/asamblea-general-2023\/"},"wordCount":47,"publisher":{"@id":"https:\/\/www.poligonoerletxe.eus\/#organization"},"image":{"@id":"https:\/\/www.poligonoerletxe.eus\/asamblea-general-2023\/#primaryimage"},"thumbnailUrl":"https:\/\/www.poligonoerletxe.eus\/wp-content\/uploads\/AEPIE-Asambrea-Batzarra-2023.jpg","articleSection":["Novedades"],"inLanguage":"eu"},{"@type":"WebPage","@id":"https:\/\/www.poligonoerletxe.eus\/asamblea-general-2023\/","url":"https:\/\/www.poligonoerletxe.eus\/asamblea-general-2023\/","name":"Asamblea General 2023 - Pol\u00edgono Industrial Erletxe","isPartOf":{"@id":"https:\/\/www.poligonoerletxe.eus\/#website"},"primaryImageOfPage":{"@id":"https:\/\/www.poligonoerletxe.eus\/asamblea-general-2023\/#primaryimage"},"image":{"@id":"https:\/\/www.poligonoerletxe.eus\/asamblea-general-2023\/#primaryimage"},"thumbnailUrl":"https:\/\/www.poligonoerletxe.eus\/wp-content\/uploads\/AEPIE-Asambrea-Batzarra-2023.jpg","datePublished":"2023-05-11T14:10:10+00:00","dateModified":"2023-05-11T14:11:58+00:00","description":"Este jueves, 11 de mayo de 2023, tendr\u00e1 lugar la Asamblea General de la Asociaci\u00f3n Empresarial del Pol\u00edgono Industrial Erletxe.","breadcrumb":{"@id":"https:\/\/www.poligonoerletxe.eus\/asamblea-general-2023\/#breadcrumb"},"inLanguage":"eu","potentialAction":[{"@type":"ReadAction","target":["https:\/\/www.poligonoerletxe.eus\/asamblea-general-2023\/"]}]},{"@type":"ImageObject","inLanguage":"eu","@id":"https:\/\/www.poligonoerletxe.eus\/asamblea-general-2023\/#primaryimage","url":"https:\/\/www.poligonoerletxe.eus\/wp-content\/uploads\/AEPIE-Asambrea-Batzarra-2023.jpg","contentUrl":"https:\/\/www.poligonoerletxe.eus\/wp-content\/uploads\/AEPIE-Asambrea-Batzarra-2023.jpg","width":1000,"height":672,"caption":"AEPIE Asamblea Batzarra 2023"},{"@type":"BreadcrumbList","@id":"https:\/\/www.poligonoerletxe.eus\/asamblea-general-2023\/#breadcrumb","itemListElement":[{"@type":"ListItem","position":1,"name":"Inicio","item":"https:\/\/www.poligonoerletxe.eus\/"},{"@type":"ListItem","position":2,"name":"Asamblea General 2023"}]},{"@type":"WebSite","@id":"https:\/\/www.poligonoerletxe.eus\/#website","url":"https:\/\/www.poligonoerletxe.eus\/","name":"industrialdeak, bere enpresa-elkartearen bitartez, aktiboki parte hartuko du hurrengo Makina-Erremintaren Nazioarteko Biurtekoan (BIEMH),","description":"Asociaci\u00f3n Empresarial","publisher":{"@id":"https:\/\/www.poligonoerletxe.eus\/#organization"},"potentialAction":[{"@type":"SearchAction","target":{"@type":"EntryPoint","urlTemplate":"https:\/\/www.poligonoerletxe.eus\/?s={search_term_string}"},"query-input":{"@type":"PropertyValueSpecification","valueRequired":true,"valueName":"search_term_string"}}],"inLanguage":"eu"},{"@type":"Organization","@id":"https:\/\/www.poligonoerletxe.eus\/#organization","name":"industrialdeak, bere enpresa-elkartearen bitartez, aktiboki parte hartuko du hurrengo Makina-Erremintaren Nazioarteko Biurtekoan (BIEMH),","url":"https:\/\/www.poligonoerletxe.eus\/","logo":{"@type":"ImageObject","inLanguage":"eu","@id":"https:\/\/www.poligonoerletxe.eus\/#\/schema\/logo\/image\/","url":"https:\/\/www.poligonoerletxe.eus\/wp-content\/uploads\/Logotipo-PoligonoIndustrialErletxe.png","contentUrl":"https:\/\/www.poligonoerletxe.eus\/wp-content\/uploads\/Logotipo-PoligonoIndustrialErletxe.png","width":700,"height":262,"caption":"Pol\u00edgono Industrial Erletxe"},"image":{"@id":"https:\/\/www.poligonoerletxe.eus\/#\/schema\/logo\/image\/"}},{"@type":"Person","@id":"https:\/\/www.poligonoerletxe.eus\/#\/schema\/person\/c92a93bc4b7d75f56379b981a9b61af3","name":"AEPIE","sameAs":["http:\/\/www.poligonoerletxe.eus"],"url":"https:\/\/www.poligonoerletxe.eus\/eu\/author\/aepie\/"}]}},"_links":{"self":[{"href":"https:\/\/www.poligonoerletxe.eus\/eu\/wp-json\/wp\/v2\/posts\/747","targetHints":{"allow":["GET"]}}],"collection":[{"href":"https:\/\/www.poligonoerletxe.eus\/eu\/wp-json\/wp\/v2\/posts"}],"about":[{"href":"https:\/\/www.poligonoerletxe.eus\/eu\/wp-json\/wp\/v2\/types\/post"}],"author":[{"embeddable":true,"href":"https:\/\/www.poligonoerletxe.eus\/eu\/wp-json\/wp\/v2\/users\/1"}],"replies":[{"embeddable":true,"href":"https:\/\/www.poligonoerletxe.eus\/eu\/wp-json\/wp\/v2\/comments?post=747"}],"version-history":[{"count":4,"href":"https:\/\/www.poligonoerletxe.eus\/eu\/wp-json\/wp\/v2\/posts\/747\/revisions"}],"predecessor-version":[{"id":752,"href":"https:\/\/www.poligonoerletxe.eus\/eu\/wp-json\/wp\/v2\/posts\/747\/revisions\/752"}],"wp:featuredmedia":[{"embeddable":true,"href":"https:\/\/www.poligonoerletxe.eus\/eu\/wp-json\/wp\/v2\/media\/748"}],"wp:attachment":[{"href":"https:\/\/www.poligonoerletxe.eus\/eu\/wp-json\/wp\/v2\/media?parent=747"}],"wp:term":[{"taxonomy":"category","embeddable":true,"href":"https:\/\/www.poligonoerletxe.eus\/eu\/wp-json\/wp\/v2\/categories?post=747"},{"taxonomy":"post_tag","embeddable":true,"href":"https:\/\/www.poligonoerletxe.eus\/eu\/wp-json\/wp\/v2\/tags?post=747"}],"curies":[{"name":"wp","href":"https:\/\/api.w.org\/{rel}","templated":true}]}}