{"id":753,"date":"2023-05-15T07:07:14","date_gmt":"2023-05-15T07:07:14","guid":{"rendered":"https:\/\/www.poligonoerletxe.eus\/?p=753"},"modified":"2023-05-15T07:07:37","modified_gmt":"2023-05-15T07:07:37","slug":"einnek-ganador-del-premio-cebek-emprende-2023","status":"publish","type":"post","link":"https:\/\/www.poligonoerletxe.eus\/eu\/einnek-ganador-del-premio-cebek-emprende-2023\/","title":{"rendered":"einnek Cebek Emprende 2023 Sariaren irabazlea"},"content":{"rendered":"<p>einnek, Cebek Emprende 2023 Sariaren irabazlea. Bizkaiko enpresaren balioak ordezkatzen dituen Bizkaiko enpresa gisa egindako lan bikainari aitortutako saria. Gure gizartean hazteko eta etorkizuneko balioa, enplegua eta aberastasuna sortzearen baldintzengatik saritua izan da.<\/p>\n\n\n\n<p>einnek enpresa gaztea da,  2 urte eskaseko jarduera duena, Erletxe Industrialdean kokatua. Enpresa honi, orain arte egindako lanagatik lortutako errekonozimenduak indar gehigarria eman die, emozionalki zein profesionalki, euren proiektuarekin jarraitzeko. Gardentasunetik, lankidetzatik eta bazkide eta bezeroekin batera sorkuntzatik eraikitako proiektua,  Pertsonetatik Teknologian eta Digitalizazioan oinarritua. einnetik pertsonekin konprometitzen dira, pertsonak hazten badira horrela egingo dute enpresak.<\/p>\n\n\n\n<figure class=\"wp-block-image size-full\"><img fetchpriority=\"high\" decoding=\"async\" width=\"1920\" height=\"1149\" src=\"https:\/\/www.poligonoerletxe.eus\/wp-content\/uploads\/EquipoGanandorCebekemprende2023-1920w.webp\" alt=\"\" class=\"wp-image-755\" srcset=\"https:\/\/www.poligonoerletxe.eus\/wp-content\/uploads\/EquipoGanandorCebekemprende2023-1920w.webp 1920w, https:\/\/www.poligonoerletxe.eus\/wp-content\/uploads\/EquipoGanandorCebekemprende2023-1920w-300x180.webp 300w, https:\/\/www.poligonoerletxe.eus\/wp-content\/uploads\/EquipoGanandorCebekemprende2023-1920w-1024x613.webp 1024w, https:\/\/www.poligonoerletxe.eus\/wp-content\/uploads\/EquipoGanandorCebekemprende2023-1920w-768x460.webp 768w, https:\/\/www.poligonoerletxe.eus\/wp-content\/uploads\/EquipoGanandorCebekemprende2023-1920w-1536x919.webp 1536w, https:\/\/www.poligonoerletxe.eus\/wp-content\/uploads\/EquipoGanandorCebekemprende2023-1920w-18x12.webp 18w\" sizes=\"(max-width: 1920px) 100vw, 1920px\" \/><\/figure>","protected":false},"excerpt":{"rendered":"<p>einnek, ganador del Premio Cebek Emprende 2023. Galard\u00f3n que recibe como reconocimiento por su gran trabajo como empresa de Bizkaia que representa los valores de la empresa vizca\u00edna. Premi\u00e1ndola por sus condiciones de crecimiento y de generaci\u00f3n futura de valor, empleo y riqueza en nuestra sociedad. einnek es una una empresa joven, con apenas 2 &#8230; <a title=\"einnek Cebek Emprende 2023 Sariaren irabazlea\" class=\"read-more\" href=\"https:\/\/www.poligonoerletxe.eus\/eu\/einnek-ganador-del-premio-cebek-emprende-2023\/\" aria-label=\"Read more about einnek Ganador del Premio Cebek Emprende 2023\">Gehiago irakurri<\/a><\/p>","protected":false},"author":1,"featured_media":754,"comment_status":"closed","ping_status":"closed","sticky":false,"template":"","format":"standard","meta":{"_acf_changed":false,"footnotes":""},"categories":[1],"tags":[],"class_list":["post-753","post","type-post","status-publish","format-standard","has-post-thumbnail","hentry","category-novedades"],"acf":[],"yoast_head":"<!-- This site is optimized with the Yoast SEO plugin v26.9 - https:\/\/yoast.com\/product\/yoast-seo-wordpress\/ -->\n<title>einnek Ganador del Premio Cebek Emprende 2023 - Pol\u00edgono Industrial Erletxe<\/title>\n<meta name=\"description\" content=\"einnek, ganadora del Premio Cebek Emprende 2023, reconocimiento por su gran trabajo representando los valores de la empresa vizca\u00edna.\" \/>\n<meta name=\"robots\" content=\"index, follow, max-snippet:-1, max-image-preview:large, max-video-preview:-1\" \/>\n<link rel=\"canonical\" href=\"https:\/\/www.poligonoerletxe.eus\/eu\/einnek-ganador-del-premio-cebek-emprende-2023\/\" \/>\n<meta property=\"og:locale\" content=\"en_US\" \/>\n<meta property=\"og:type\" content=\"article\" \/>\n<meta property=\"og:title\" content=\"einnek Ganador del Premio Cebek Emprende 2023 - Pol\u00edgono Industrial Erletxe\" \/>\n<meta property=\"og:description\" content=\"einnek, ganadora del Premio Cebek Emprende 2023, reconocimiento por su gran trabajo representando los valores de la empresa vizca\u00edna.\" \/>\n<meta property=\"og:url\" content=\"https:\/\/www.poligonoerletxe.eus\/eu\/einnek-ganador-del-premio-cebek-emprende-2023\/\" \/>\n<meta property=\"og:site_name\" content=\"Pol\u00edgono Industrial Erletxe\" \/>\n<meta property=\"article:published_time\" content=\"2023-05-15T07:07:14+00:00\" \/>\n<meta property=\"article:modified_time\" content=\"2023-05-15T07:07:37+00:00\" \/>\n<meta property=\"og:image\" content=\"https:\/\/www.poligonoerletxe.eus\/wp-content\/uploads\/AAentregapremiocebek-fa809de8-1920w.webp\" \/>\n\t<meta property=\"og:image:width\" content=\"1920\" \/>\n\t<meta property=\"og:image:height\" content=\"1280\" \/>\n\t<meta property=\"og:image:type\" content=\"image\/webp\" \/>\n<meta name=\"author\" content=\"AEPIE\" \/>\n<meta name=\"twitter:card\" content=\"summary_large_image\" \/>\n<meta name=\"twitter:label1\" content=\"Written by\" \/>\n\t<meta name=\"twitter:data1\" content=\"AEPIE\" \/>\n\t<meta name=\"twitter:label2\" content=\"Est. reading time\" \/>\n\t<meta name=\"twitter:data2\" content=\"1 minutua\" \/>\n<script type=\"application\/ld+json\" class=\"yoast-schema-graph\">{\"@context\":\"https:\/\/schema.org\",\"@graph\":[{\"@type\":\"Article\",\"@id\":\"https:\/\/www.poligonoerletxe.eus\/einnek-ganador-del-premio-cebek-emprende-2023\/#article\",\"isPartOf\":{\"@id\":\"https:\/\/www.poligonoerletxe.eus\/einnek-ganador-del-premio-cebek-emprende-2023\/\"},\"author\":{\"name\":\"AEPIE\",\"@id\":\"https:\/\/www.poligonoerletxe.eus\/#\/schema\/person\/c92a93bc4b7d75f56379b981a9b61af3\"},\"headline\":\"einnek Ganador del Premio Cebek Emprende 2023\",\"datePublished\":\"2023-05-15T07:07:14+00:00\",\"dateModified\":\"2023-05-15T07:07:37+00:00\",\"mainEntityOfPage\":{\"@id\":\"https:\/\/www.poligonoerletxe.eus\/einnek-ganador-del-premio-cebek-emprende-2023\/\"},\"wordCount\":148,\"publisher\":{\"@id\":\"https:\/\/www.poligonoerletxe.eus\/#organization\"},\"image\":{\"@id\":\"https:\/\/www.poligonoerletxe.eus\/einnek-ganador-del-premio-cebek-emprende-2023\/#primaryimage\"},\"thumbnailUrl\":\"https:\/\/www.poligonoerletxe.eus\/wp-content\/uploads\/AAentregapremiocebek-fa809de8-1920w.webp\",\"articleSection\":[\"Novedades\"],\"inLanguage\":\"eu\"},{\"@type\":\"WebPage\",\"@id\":\"https:\/\/www.poligonoerletxe.eus\/einnek-ganador-del-premio-cebek-emprende-2023\/\",\"url\":\"https:\/\/www.poligonoerletxe.eus\/einnek-ganador-del-premio-cebek-emprende-2023\/\",\"name\":\"einnek Ganador del Premio Cebek Emprende 2023 - Pol\u00edgono Industrial Erletxe\",\"isPartOf\":{\"@id\":\"https:\/\/www.poligonoerletxe.eus\/#website\"},\"primaryImageOfPage\":{\"@id\":\"https:\/\/www.poligonoerletxe.eus\/einnek-ganador-del-premio-cebek-emprende-2023\/#primaryimage\"},\"image\":{\"@id\":\"https:\/\/www.poligonoerletxe.eus\/einnek-ganador-del-premio-cebek-emprende-2023\/#primaryimage\"},\"thumbnailUrl\":\"https:\/\/www.poligonoerletxe.eus\/wp-content\/uploads\/AAentregapremiocebek-fa809de8-1920w.webp\",\"datePublished\":\"2023-05-15T07:07:14+00:00\",\"dateModified\":\"2023-05-15T07:07:37+00:00\",\"description\":\"einnek, ganadora del Premio Cebek Emprende 2023, reconocimiento por su gran trabajo representando los valores de la empresa vizca\u00edna.\",\"breadcrumb\":{\"@id\":\"https:\/\/www.poligonoerletxe.eus\/einnek-ganador-del-premio-cebek-emprende-2023\/#breadcrumb\"},\"inLanguage\":\"eu\",\"potentialAction\":[{\"@type\":\"ReadAction\",\"target\":[\"https:\/\/www.poligonoerletxe.eus\/einnek-ganador-del-premio-cebek-emprende-2023\/\"]}]},{\"@type\":\"ImageObject\",\"inLanguage\":\"eu\",\"@id\":\"https:\/\/www.poligonoerletxe.eus\/einnek-ganador-del-premio-cebek-emprende-2023\/#primaryimage\",\"url\":\"https:\/\/www.poligonoerletxe.eus\/wp-content\/uploads\/AAentregapremiocebek-fa809de8-1920w.webp\",\"contentUrl\":\"https:\/\/www.poligonoerletxe.eus\/wp-content\/uploads\/AAentregapremiocebek-fa809de8-1920w.webp\",\"width\":1920,\"height\":1280,\"caption\":\"einnek Ganador del Premio Cebek Emprende 2023\"},{\"@type\":\"BreadcrumbList\",\"@id\":\"https:\/\/www.poligonoerletxe.eus\/einnek-ganador-del-premio-cebek-emprende-2023\/#breadcrumb\",\"itemListElement\":[{\"@type\":\"ListItem\",\"position\":1,\"name\":\"Inicio\",\"item\":\"https:\/\/www.poligonoerletxe.eus\/\"},{\"@type\":\"ListItem\",\"position\":2,\"name\":\"einnek Ganador del Premio Cebek Emprende 2023\"}]},{\"@type\":\"WebSite\",\"@id\":\"https:\/\/www.poligonoerletxe.eus\/#website\",\"url\":\"https:\/\/www.poligonoerletxe.eus\/\",\"name\":\"Pol\u00edgono Industrial Erletxe\",\"description\":\"Asociaci\u00f3n Empresarial\",\"publisher\":{\"@id\":\"https:\/\/www.poligonoerletxe.eus\/#organization\"},\"potentialAction\":[{\"@type\":\"SearchAction\",\"target\":{\"@type\":\"EntryPoint\",\"urlTemplate\":\"https:\/\/www.poligonoerletxe.eus\/?s={search_term_string}\"},\"query-input\":{\"@type\":\"PropertyValueSpecification\",\"valueRequired\":true,\"valueName\":\"search_term_string\"}}],\"inLanguage\":\"eu\"},{\"@type\":\"Organization\",\"@id\":\"https:\/\/www.poligonoerletxe.eus\/#organization\",\"name\":\"Pol\u00edgono Industrial Erletxe\",\"url\":\"https:\/\/www.poligonoerletxe.eus\/\",\"logo\":{\"@type\":\"ImageObject\",\"inLanguage\":\"eu\",\"@id\":\"https:\/\/www.poligonoerletxe.eus\/#\/schema\/logo\/image\/\",\"url\":\"https:\/\/www.poligonoerletxe.eus\/wp-content\/uploads\/Logotipo-PoligonoIndustrialErletxe.png\",\"contentUrl\":\"https:\/\/www.poligonoerletxe.eus\/wp-content\/uploads\/Logotipo-PoligonoIndustrialErletxe.png\",\"width\":700,\"height\":262,\"caption\":\"Pol\u00edgono Industrial Erletxe\"},\"image\":{\"@id\":\"https:\/\/www.poligonoerletxe.eus\/#\/schema\/logo\/image\/\"}},{\"@type\":\"Person\",\"@id\":\"https:\/\/www.poligonoerletxe.eus\/#\/schema\/person\/c92a93bc4b7d75f56379b981a9b61af3\",\"name\":\"AEPIE\",\"sameAs\":[\"http:\/\/www.poligonoerletxe.eus\"],\"url\":\"https:\/\/www.poligonoerletxe.eus\/eu\/author\/aepie\/\"}]}<\/script>\n<!-- \/ Yoast SEO plugin. -->","yoast_head_json":{"title":"einnek Ganador del Premio Cebek Emprende 2023 - Pol\u00edgono Industrial Erletxe","description":"einnek, ganadora del Premio Cebek Emprende 2023, reconocimiento por su gran trabajo representando los valores de la empresa vizca\u00edna.","robots":{"index":"index","follow":"follow","max-snippet":"max-snippet:-1","max-image-preview":"max-image-preview:large","max-video-preview":"max-video-preview:-1"},"canonical":"https:\/\/www.poligonoerletxe.eus\/eu\/einnek-ganador-del-premio-cebek-emprende-2023\/","og_locale":"en_US","og_type":"article","og_title":"einnek Ganador del Premio Cebek Emprende 2023 - Pol\u00edgono Industrial Erletxe","og_description":"einnek, ganadora del Premio Cebek Emprende 2023, reconocimiento por su gran trabajo representando los valores de la empresa vizca\u00edna.","og_url":"https:\/\/www.poligonoerletxe.eus\/eu\/einnek-ganador-del-premio-cebek-emprende-2023\/","og_site_name":"Pol\u00edgono Industrial Erletxe","article_published_time":"2023-05-15T07:07:14+00:00","article_modified_time":"2023-05-15T07:07:37+00:00","og_image":[{"width":1920,"height":1280,"url":"https:\/\/www.poligonoerletxe.eus\/wp-content\/uploads\/AAentregapremiocebek-fa809de8-1920w.webp","type":"image\/webp"}],"author":"AEPIE","twitter_card":"summary_large_image","twitter_misc":{"Written by":"AEPIE","Est. reading time":"1 minutua"},"schema":{"@context":"https:\/\/schema.org","@graph":[{"@type":"Article","@id":"https:\/\/www.poligonoerletxe.eus\/einnek-ganador-del-premio-cebek-emprende-2023\/#article","isPartOf":{"@id":"https:\/\/www.poligonoerletxe.eus\/einnek-ganador-del-premio-cebek-emprende-2023\/"},"author":{"name":"AEPIE","@id":"https:\/\/www.poligonoerletxe.eus\/#\/schema\/person\/c92a93bc4b7d75f56379b981a9b61af3"},"headline":"einnek Ganador del Premio Cebek Emprende 2023","datePublished":"2023-05-15T07:07:14+00:00","dateModified":"2023-05-15T07:07:37+00:00","mainEntityOfPage":{"@id":"https:\/\/www.poligonoerletxe.eus\/einnek-ganador-del-premio-cebek-emprende-2023\/"},"wordCount":148,"publisher":{"@id":"https:\/\/www.poligonoerletxe.eus\/#organization"},"image":{"@id":"https:\/\/www.poligonoerletxe.eus\/einnek-ganador-del-premio-cebek-emprende-2023\/#primaryimage"},"thumbnailUrl":"https:\/\/www.poligonoerletxe.eus\/wp-content\/uploads\/AAentregapremiocebek-fa809de8-1920w.webp","articleSection":["Novedades"],"inLanguage":"eu"},{"@type":"WebPage","@id":"https:\/\/www.poligonoerletxe.eus\/einnek-ganador-del-premio-cebek-emprende-2023\/","url":"https:\/\/www.poligonoerletxe.eus\/einnek-ganador-del-premio-cebek-emprende-2023\/","name":"einnek Ganador del Premio Cebek Emprende 2023 - Pol\u00edgono Industrial Erletxe","isPartOf":{"@id":"https:\/\/www.poligonoerletxe.eus\/#website"},"primaryImageOfPage":{"@id":"https:\/\/www.poligonoerletxe.eus\/einnek-ganador-del-premio-cebek-emprende-2023\/#primaryimage"},"image":{"@id":"https:\/\/www.poligonoerletxe.eus\/einnek-ganador-del-premio-cebek-emprende-2023\/#primaryimage"},"thumbnailUrl":"https:\/\/www.poligonoerletxe.eus\/wp-content\/uploads\/AAentregapremiocebek-fa809de8-1920w.webp","datePublished":"2023-05-15T07:07:14+00:00","dateModified":"2023-05-15T07:07:37+00:00","description":"einnek, ganadora del Premio Cebek Emprende 2023, reconocimiento por su gran trabajo representando los valores de la empresa vizca\u00edna.","breadcrumb":{"@id":"https:\/\/www.poligonoerletxe.eus\/einnek-ganador-del-premio-cebek-emprende-2023\/#breadcrumb"},"inLanguage":"eu","potentialAction":[{"@type":"ReadAction","target":["https:\/\/www.poligonoerletxe.eus\/einnek-ganador-del-premio-cebek-emprende-2023\/"]}]},{"@type":"ImageObject","inLanguage":"eu","@id":"https:\/\/www.poligonoerletxe.eus\/einnek-ganador-del-premio-cebek-emprende-2023\/#primaryimage","url":"https:\/\/www.poligonoerletxe.eus\/wp-content\/uploads\/AAentregapremiocebek-fa809de8-1920w.webp","contentUrl":"https:\/\/www.poligonoerletxe.eus\/wp-content\/uploads\/AAentregapremiocebek-fa809de8-1920w.webp","width":1920,"height":1280,"caption":"einnek Ganador del Premio Cebek Emprende 2023"},{"@type":"BreadcrumbList","@id":"https:\/\/www.poligonoerletxe.eus\/einnek-ganador-del-premio-cebek-emprende-2023\/#breadcrumb","itemListElement":[{"@type":"ListItem","position":1,"name":"Inicio","item":"https:\/\/www.poligonoerletxe.eus\/"},{"@type":"ListItem","position":2,"name":"einnek Ganador del Premio Cebek Emprende 2023"}]},{"@type":"WebSite","@id":"https:\/\/www.poligonoerletxe.eus\/#website","url":"https:\/\/www.poligonoerletxe.eus\/","name":"industrialdeak, bere enpresa-elkartearen bitartez, aktiboki parte hartuko du hurrengo Makina-Erremintaren Nazioarteko Biurtekoan (BIEMH),","description":"Asociaci\u00f3n Empresarial","publisher":{"@id":"https:\/\/www.poligonoerletxe.eus\/#organization"},"potentialAction":[{"@type":"SearchAction","target":{"@type":"EntryPoint","urlTemplate":"https:\/\/www.poligonoerletxe.eus\/?s={search_term_string}"},"query-input":{"@type":"PropertyValueSpecification","valueRequired":true,"valueName":"search_term_string"}}],"inLanguage":"eu"},{"@type":"Organization","@id":"https:\/\/www.poligonoerletxe.eus\/#organization","name":"industrialdeak, bere enpresa-elkartearen bitartez, aktiboki parte hartuko du hurrengo Makina-Erremintaren Nazioarteko Biurtekoan (BIEMH),","url":"https:\/\/www.poligonoerletxe.eus\/","logo":{"@type":"ImageObject","inLanguage":"eu","@id":"https:\/\/www.poligonoerletxe.eus\/#\/schema\/logo\/image\/","url":"https:\/\/www.poligonoerletxe.eus\/wp-content\/uploads\/Logotipo-PoligonoIndustrialErletxe.png","contentUrl":"https:\/\/www.poligonoerletxe.eus\/wp-content\/uploads\/Logotipo-PoligonoIndustrialErletxe.png","width":700,"height":262,"caption":"Pol\u00edgono Industrial Erletxe"},"image":{"@id":"https:\/\/www.poligonoerletxe.eus\/#\/schema\/logo\/image\/"}},{"@type":"Person","@id":"https:\/\/www.poligonoerletxe.eus\/#\/schema\/person\/c92a93bc4b7d75f56379b981a9b61af3","name":"AEPIE","sameAs":["http:\/\/www.poligonoerletxe.eus"],"url":"https:\/\/www.poligonoerletxe.eus\/eu\/author\/aepie\/"}]}},"_links":{"self":[{"href":"https:\/\/www.poligonoerletxe.eus\/eu\/wp-json\/wp\/v2\/posts\/753","targetHints":{"allow":["GET"]}}],"collection":[{"href":"https:\/\/www.poligonoerletxe.eus\/eu\/wp-json\/wp\/v2\/posts"}],"about":[{"href":"https:\/\/www.poligonoerletxe.eus\/eu\/wp-json\/wp\/v2\/types\/post"}],"author":[{"embeddable":true,"href":"https:\/\/www.poligonoerletxe.eus\/eu\/wp-json\/wp\/v2\/users\/1"}],"replies":[{"embeddable":true,"href":"https:\/\/www.poligonoerletxe.eus\/eu\/wp-json\/wp\/v2\/comments?post=753"}],"version-history":[{"count":2,"href":"https:\/\/www.poligonoerletxe.eus\/eu\/wp-json\/wp\/v2\/posts\/753\/revisions"}],"predecessor-version":[{"id":757,"href":"https:\/\/www.poligonoerletxe.eus\/eu\/wp-json\/wp\/v2\/posts\/753\/revisions\/757"}],"wp:featuredmedia":[{"embeddable":true,"href":"https:\/\/www.poligonoerletxe.eus\/eu\/wp-json\/wp\/v2\/media\/754"}],"wp:attachment":[{"href":"https:\/\/www.poligonoerletxe.eus\/eu\/wp-json\/wp\/v2\/media?parent=753"}],"wp:term":[{"taxonomy":"category","embeddable":true,"href":"https:\/\/www.poligonoerletxe.eus\/eu\/wp-json\/wp\/v2\/categories?post=753"},{"taxonomy":"post_tag","embeddable":true,"href":"https:\/\/www.poligonoerletxe.eus\/eu\/wp-json\/wp\/v2\/tags?post=753"}],"curies":[{"name":"wp","href":"https:\/\/api.w.org\/{rel}","templated":true}]}}