{"id":910,"date":"2026-02-10T15:31:46","date_gmt":"2026-02-10T15:31:46","guid":{"rendered":"https:\/\/www.poligonoerletxe.eus\/?p=910"},"modified":"2026-02-10T15:39:06","modified_gmt":"2026-02-10T15:39:06","slug":"el-poligono-industrial-erletxe-suma-una-nueva-empresa-asociada-image-impresion","status":"publish","type":"post","link":"https:\/\/www.poligonoerletxe.eus\/eu\/el-poligono-industrial-erletxe-suma-una-nueva-empresa-asociada-image-impresion\/","title":{"rendered":"Erletxe industrialdeak enpresa elkartu berri bat du: Image Impresi\u00f3n"},"content":{"rendered":"<p>Erletxe Industrialdeko Enpresa Elkarteak<strong> hazten jarraitzen du enpresa elkartu berri bat <\/strong>enpresa-ehuna indartzen jarraitzen du, Image Impresi\u00f3n enpresa elkartu berri gisa gehituta. <a href=\"https:\/\/www.imageimpresion.com\/\">Image Impresi\u00f3n<\/a> elkartu berri gisa gehituta.<\/p>\n\n\n\n<figure class=\"wp-block-image size-large\"><img fetchpriority=\"high\" decoding=\"async\" width=\"1024\" height=\"330\" src=\"https:\/\/www.poligonoerletxe.eus\/wp-content\/uploads\/image-1024x330.png\" alt=\"\" class=\"wp-image-911\" srcset=\"https:\/\/www.poligonoerletxe.eus\/wp-content\/uploads\/image-1024x330.png 1024w, https:\/\/www.poligonoerletxe.eus\/wp-content\/uploads\/image-300x97.png 300w, https:\/\/www.poligonoerletxe.eus\/wp-content\/uploads\/image-768x248.png 768w, https:\/\/www.poligonoerletxe.eus\/wp-content\/uploads\/image-18x6.png 18w, https:\/\/www.poligonoerletxe.eus\/wp-content\/uploads\/image.png 1368w\" sizes=\"(max-width: 1024px) 100vw, 1024px\" \/><\/figure>\n\n\n\n<p><strong>Image Impresi\u00f3n<\/strong> inprimaketa eta arte grafikoetako zerbitzuetan espezializatutako enpresa bat da, sektorean ibilbide sendoa duena eta kalitatearekin eta zerbitzuarekin konpromiso argia duena. Erletxe industrialdean duen egoitzan (H plataforma, 5. nabea, Galdakao), irtenbide integralak eskaintzen ditu, Aholkularitza, diseinu grafikoa edo inprimatutako materialak ekoiztu eta jartzea, hainbat sektoretako bezeroen beharretara egokituz. <strong>(H plataforma, 5. nabea, Galdakao),<\/strong>irtenbide integralak eskaintzen ditu, <strong>Aholkularitza, diseinu grafikoa edo inprimatutako materialak ekoiztu eta jartzea,<\/strong>hainbat sektoretako bezeroen beharretara egokituz.<\/p>\n\n\n\n<p>Telekomunikazioen, ostalaritzaren, turismoaren eta industriaren arloko hainbat sektoretako bezero-zorro zabala eta ospetsua du, baita musika-jaialdiak eta ekitaldi handiak antolatzen dituzten taldeak ere, hala nola Mad Cool Festival, Bilbao BBk Live eta Primavera Sound, besteak beste.<\/p>\n\n\n\n<p>Bere enpresa-kultura arreta pertsonalizatua, sormen-soluzioak eta bikaintasun-estandar altuak betetzen dituzten azken produktuak eskaintzean oinarritzen da, eta horrek enpresa txikien zein ekitaldi edo kanpaina korporatibo handien proiektuetarako aliatu baliotsua bihurtzen du.<\/p>\n\n\n\n<p>Image Impres\u00f3n enpresaren sarrera berri honekin, Erletxe industrialdearen hazkundearekin eta dibertsifikazioarekin duen konpromisoa berresten du Elkarteak, enpresa elkartuen arteko lankidetza eta sinergiak sustatuz, garapen ekonomikoa eta enpresa-ingurunearen lehiakortasuna bultzatzeko.<\/p>\n\n\n\n<p><strong>Ongi etorri, Image Impresi\u00f3n!<\/strong><\/p>","protected":false},"excerpt":{"rendered":"<p>La Asociaci\u00f3n Empresarial del Pol\u00edgono Industrial Erletxe contin\u00faa reforzando su tejido empresarial con la incorporaci\u00f3n de Image Impresi\u00f3n como nueva empresa asociada. Image Impresi\u00f3n es una empresa especializada en servicios de impresi\u00f3n y artes gr\u00e1ficas, con una s\u00f3lida trayectoria en el sector y un claro compromiso con la calidad y el servicio. Desde su sede &#8230; <a title=\"Erletxe industrialdeak enpresa elkartu berri bat du: Image Impresi\u00f3n\" class=\"read-more\" href=\"https:\/\/www.poligonoerletxe.eus\/eu\/el-poligono-industrial-erletxe-suma-una-nueva-empresa-asociada-image-impresion\/\" aria-label=\"Read more about El Pol\u00edgono Industrial Erletxe suma una nueva empresa asociada: Image Impresi\u00f3n\">Gehiago irakurri<\/a><\/p>","protected":false},"author":2,"featured_media":914,"comment_status":"closed","ping_status":"closed","sticky":false,"template":"","format":"standard","meta":{"_acf_changed":false,"footnotes":""},"categories":[1,40],"tags":[],"class_list":["post-910","post","type-post","status-publish","format-standard","has-post-thumbnail","hentry","category-novedades","category-sin-categoria-es"],"acf":[],"yoast_head":"<!-- This site is optimized with the Yoast SEO plugin v26.9 - https:\/\/yoast.com\/product\/yoast-seo-wordpress\/ -->\n<title>El Pol\u00edgono Industrial Erletxe suma una nueva empresa asociada: Image Impresi\u00f3n - Pol\u00edgono Industrial Erletxe<\/title>\n<meta name=\"robots\" content=\"index, follow, max-snippet:-1, max-image-preview:large, max-video-preview:-1\" \/>\n<link rel=\"canonical\" href=\"https:\/\/www.poligonoerletxe.eus\/eu\/el-poligono-industrial-erletxe-suma-una-nueva-empresa-asociada-image-impresion\/\" \/>\n<meta property=\"og:locale\" content=\"en_US\" \/>\n<meta property=\"og:type\" content=\"article\" \/>\n<meta property=\"og:title\" content=\"El Pol\u00edgono Industrial Erletxe suma una nueva empresa asociada: Image Impresi\u00f3n - Pol\u00edgono Industrial Erletxe\" \/>\n<meta property=\"og:description\" content=\"La Asociaci\u00f3n Empresarial del Pol\u00edgono Industrial Erletxe contin\u00faa reforzando su tejido empresarial con la incorporaci\u00f3n de Image Impresi\u00f3n como nueva empresa asociada. Image Impresi\u00f3n es una empresa especializada en servicios de impresi\u00f3n y artes gr\u00e1ficas, con una s\u00f3lida trayectoria en el sector y un claro compromiso con la calidad y el servicio. Desde su sede ... Gehiago irakurri\" \/>\n<meta property=\"og:url\" content=\"https:\/\/www.poligonoerletxe.eus\/eu\/el-poligono-industrial-erletxe-suma-una-nueva-empresa-asociada-image-impresion\/\" \/>\n<meta property=\"og:site_name\" content=\"Pol\u00edgono Industrial Erletxe\" \/>\n<meta property=\"article:published_time\" content=\"2026-02-10T15:31:46+00:00\" \/>\n<meta property=\"article:modified_time\" content=\"2026-02-10T15:39:06+00:00\" \/>\n<meta property=\"og:image\" content=\"https:\/\/www.poligonoerletxe.eus\/wp-content\/uploads\/image-1.png\" \/>\n\t<meta property=\"og:image:width\" content=\"1368\" \/>\n\t<meta property=\"og:image:height\" content=\"441\" \/>\n\t<meta property=\"og:image:type\" content=\"image\/png\" \/>\n<meta name=\"author\" content=\"Beatriz Coonic\" \/>\n<meta name=\"twitter:card\" content=\"summary_large_image\" \/>\n<meta name=\"twitter:label1\" content=\"Written by\" \/>\n\t<meta name=\"twitter:data1\" content=\"Beatriz Coonic\" \/>\n\t<meta name=\"twitter:label2\" content=\"Est. reading time\" \/>\n\t<meta name=\"twitter:data2\" content=\"2 minutua\" \/>\n<script type=\"application\/ld+json\" class=\"yoast-schema-graph\">{\"@context\":\"https:\/\/schema.org\",\"@graph\":[{\"@type\":\"Article\",\"@id\":\"https:\/\/www.poligonoerletxe.eus\/el-poligono-industrial-erletxe-suma-una-nueva-empresa-asociada-image-impresion\/#article\",\"isPartOf\":{\"@id\":\"https:\/\/www.poligonoerletxe.eus\/el-poligono-industrial-erletxe-suma-una-nueva-empresa-asociada-image-impresion\/\"},\"author\":{\"name\":\"Beatriz Coonic\",\"@id\":\"https:\/\/www.poligonoerletxe.eus\/#\/schema\/person\/73eed9c5be78ce9bd84e953a452ad90c\"},\"headline\":\"El Pol\u00edgono Industrial Erletxe suma una nueva empresa asociada: Image Impresi\u00f3n\",\"datePublished\":\"2026-02-10T15:31:46+00:00\",\"dateModified\":\"2026-02-10T15:39:06+00:00\",\"mainEntityOfPage\":{\"@id\":\"https:\/\/www.poligonoerletxe.eus\/el-poligono-industrial-erletxe-suma-una-nueva-empresa-asociada-image-impresion\/\"},\"wordCount\":270,\"publisher\":{\"@id\":\"https:\/\/www.poligonoerletxe.eus\/#organization\"},\"image\":{\"@id\":\"https:\/\/www.poligonoerletxe.eus\/el-poligono-industrial-erletxe-suma-una-nueva-empresa-asociada-image-impresion\/#primaryimage\"},\"thumbnailUrl\":\"https:\/\/www.poligonoerletxe.eus\/wp-content\/uploads\/image-1.png\",\"articleSection\":[\"Novedades\",\"Sin categor\u00eda\"],\"inLanguage\":\"eu\"},{\"@type\":\"WebPage\",\"@id\":\"https:\/\/www.poligonoerletxe.eus\/el-poligono-industrial-erletxe-suma-una-nueva-empresa-asociada-image-impresion\/\",\"url\":\"https:\/\/www.poligonoerletxe.eus\/el-poligono-industrial-erletxe-suma-una-nueva-empresa-asociada-image-impresion\/\",\"name\":\"El Pol\u00edgono Industrial Erletxe suma una nueva empresa asociada: Image Impresi\u00f3n - Pol\u00edgono Industrial Erletxe\",\"isPartOf\":{\"@id\":\"https:\/\/www.poligonoerletxe.eus\/#website\"},\"primaryImageOfPage\":{\"@id\":\"https:\/\/www.poligonoerletxe.eus\/el-poligono-industrial-erletxe-suma-una-nueva-empresa-asociada-image-impresion\/#primaryimage\"},\"image\":{\"@id\":\"https:\/\/www.poligonoerletxe.eus\/el-poligono-industrial-erletxe-suma-una-nueva-empresa-asociada-image-impresion\/#primaryimage\"},\"thumbnailUrl\":\"https:\/\/www.poligonoerletxe.eus\/wp-content\/uploads\/image-1.png\",\"datePublished\":\"2026-02-10T15:31:46+00:00\",\"dateModified\":\"2026-02-10T15:39:06+00:00\",\"breadcrumb\":{\"@id\":\"https:\/\/www.poligonoerletxe.eus\/el-poligono-industrial-erletxe-suma-una-nueva-empresa-asociada-image-impresion\/#breadcrumb\"},\"inLanguage\":\"eu\",\"potentialAction\":[{\"@type\":\"ReadAction\",\"target\":[\"https:\/\/www.poligonoerletxe.eus\/el-poligono-industrial-erletxe-suma-una-nueva-empresa-asociada-image-impresion\/\"]}]},{\"@type\":\"ImageObject\",\"inLanguage\":\"eu\",\"@id\":\"https:\/\/www.poligonoerletxe.eus\/el-poligono-industrial-erletxe-suma-una-nueva-empresa-asociada-image-impresion\/#primaryimage\",\"url\":\"https:\/\/www.poligonoerletxe.eus\/wp-content\/uploads\/image-1.png\",\"contentUrl\":\"https:\/\/www.poligonoerletxe.eus\/wp-content\/uploads\/image-1.png\",\"width\":1368,\"height\":441},{\"@type\":\"BreadcrumbList\",\"@id\":\"https:\/\/www.poligonoerletxe.eus\/el-poligono-industrial-erletxe-suma-una-nueva-empresa-asociada-image-impresion\/#breadcrumb\",\"itemListElement\":[{\"@type\":\"ListItem\",\"position\":1,\"name\":\"Inicio\",\"item\":\"https:\/\/www.poligonoerletxe.eus\/\"},{\"@type\":\"ListItem\",\"position\":2,\"name\":\"El Pol\u00edgono Industrial Erletxe suma una nueva empresa asociada: Image Impresi\u00f3n\"}]},{\"@type\":\"WebSite\",\"@id\":\"https:\/\/www.poligonoerletxe.eus\/#website\",\"url\":\"https:\/\/www.poligonoerletxe.eus\/\",\"name\":\"Pol\u00edgono Industrial Erletxe\",\"description\":\"Asociaci\u00f3n Empresarial\",\"publisher\":{\"@id\":\"https:\/\/www.poligonoerletxe.eus\/#organization\"},\"potentialAction\":[{\"@type\":\"SearchAction\",\"target\":{\"@type\":\"EntryPoint\",\"urlTemplate\":\"https:\/\/www.poligonoerletxe.eus\/?s={search_term_string}\"},\"query-input\":{\"@type\":\"PropertyValueSpecification\",\"valueRequired\":true,\"valueName\":\"search_term_string\"}}],\"inLanguage\":\"eu\"},{\"@type\":\"Organization\",\"@id\":\"https:\/\/www.poligonoerletxe.eus\/#organization\",\"name\":\"Pol\u00edgono Industrial Erletxe\",\"url\":\"https:\/\/www.poligonoerletxe.eus\/\",\"logo\":{\"@type\":\"ImageObject\",\"inLanguage\":\"eu\",\"@id\":\"https:\/\/www.poligonoerletxe.eus\/#\/schema\/logo\/image\/\",\"url\":\"https:\/\/www.poligonoerletxe.eus\/wp-content\/uploads\/Logotipo-PoligonoIndustrialErletxe.png\",\"contentUrl\":\"https:\/\/www.poligonoerletxe.eus\/wp-content\/uploads\/Logotipo-PoligonoIndustrialErletxe.png\",\"width\":700,\"height\":262,\"caption\":\"Pol\u00edgono Industrial Erletxe\"},\"image\":{\"@id\":\"https:\/\/www.poligonoerletxe.eus\/#\/schema\/logo\/image\/\"}},{\"@type\":\"Person\",\"@id\":\"https:\/\/www.poligonoerletxe.eus\/#\/schema\/person\/73eed9c5be78ce9bd84e953a452ad90c\",\"name\":\"Beatriz Coonic\",\"url\":\"https:\/\/www.poligonoerletxe.eus\/eu\/author\/beatriz_coonic\/\"}]}<\/script>\n<!-- \/ Yoast SEO plugin. -->","yoast_head_json":{"title":"El Pol\u00edgono Industrial Erletxe suma una nueva empresa asociada: Image Impresi\u00f3n - Pol\u00edgono Industrial Erletxe","robots":{"index":"index","follow":"follow","max-snippet":"max-snippet:-1","max-image-preview":"max-image-preview:large","max-video-preview":"max-video-preview:-1"},"canonical":"https:\/\/www.poligonoerletxe.eus\/eu\/el-poligono-industrial-erletxe-suma-una-nueva-empresa-asociada-image-impresion\/","og_locale":"en_US","og_type":"article","og_title":"El Pol\u00edgono Industrial Erletxe suma una nueva empresa asociada: Image Impresi\u00f3n - Pol\u00edgono Industrial Erletxe","og_description":"La Asociaci\u00f3n Empresarial del Pol\u00edgono Industrial Erletxe contin\u00faa reforzando su tejido empresarial con la incorporaci\u00f3n de Image Impresi\u00f3n como nueva empresa asociada. Image Impresi\u00f3n es una empresa especializada en servicios de impresi\u00f3n y artes gr\u00e1ficas, con una s\u00f3lida trayectoria en el sector y un claro compromiso con la calidad y el servicio. Desde su sede ... Gehiago irakurri","og_url":"https:\/\/www.poligonoerletxe.eus\/eu\/el-poligono-industrial-erletxe-suma-una-nueva-empresa-asociada-image-impresion\/","og_site_name":"Pol\u00edgono Industrial Erletxe","article_published_time":"2026-02-10T15:31:46+00:00","article_modified_time":"2026-02-10T15:39:06+00:00","og_image":[{"width":1368,"height":441,"url":"https:\/\/www.poligonoerletxe.eus\/wp-content\/uploads\/image-1.png","type":"image\/png"}],"author":"Beatriz Coonic","twitter_card":"summary_large_image","twitter_misc":{"Written by":"Beatriz Coonic","Est. reading time":"2 minutua"},"schema":{"@context":"https:\/\/schema.org","@graph":[{"@type":"Article","@id":"https:\/\/www.poligonoerletxe.eus\/el-poligono-industrial-erletxe-suma-una-nueva-empresa-asociada-image-impresion\/#article","isPartOf":{"@id":"https:\/\/www.poligonoerletxe.eus\/el-poligono-industrial-erletxe-suma-una-nueva-empresa-asociada-image-impresion\/"},"author":{"name":"Beatriz Coonic","@id":"https:\/\/www.poligonoerletxe.eus\/#\/schema\/person\/73eed9c5be78ce9bd84e953a452ad90c"},"headline":"El Pol\u00edgono Industrial Erletxe suma una nueva empresa asociada: Image Impresi\u00f3n","datePublished":"2026-02-10T15:31:46+00:00","dateModified":"2026-02-10T15:39:06+00:00","mainEntityOfPage":{"@id":"https:\/\/www.poligonoerletxe.eus\/el-poligono-industrial-erletxe-suma-una-nueva-empresa-asociada-image-impresion\/"},"wordCount":270,"publisher":{"@id":"https:\/\/www.poligonoerletxe.eus\/#organization"},"image":{"@id":"https:\/\/www.poligonoerletxe.eus\/el-poligono-industrial-erletxe-suma-una-nueva-empresa-asociada-image-impresion\/#primaryimage"},"thumbnailUrl":"https:\/\/www.poligonoerletxe.eus\/wp-content\/uploads\/image-1.png","articleSection":["Novedades","Sin categor\u00eda"],"inLanguage":"eu"},{"@type":"WebPage","@id":"https:\/\/www.poligonoerletxe.eus\/el-poligono-industrial-erletxe-suma-una-nueva-empresa-asociada-image-impresion\/","url":"https:\/\/www.poligonoerletxe.eus\/el-poligono-industrial-erletxe-suma-una-nueva-empresa-asociada-image-impresion\/","name":"El Pol\u00edgono Industrial Erletxe suma una nueva empresa asociada: Image Impresi\u00f3n - Pol\u00edgono Industrial Erletxe","isPartOf":{"@id":"https:\/\/www.poligonoerletxe.eus\/#website"},"primaryImageOfPage":{"@id":"https:\/\/www.poligonoerletxe.eus\/el-poligono-industrial-erletxe-suma-una-nueva-empresa-asociada-image-impresion\/#primaryimage"},"image":{"@id":"https:\/\/www.poligonoerletxe.eus\/el-poligono-industrial-erletxe-suma-una-nueva-empresa-asociada-image-impresion\/#primaryimage"},"thumbnailUrl":"https:\/\/www.poligonoerletxe.eus\/wp-content\/uploads\/image-1.png","datePublished":"2026-02-10T15:31:46+00:00","dateModified":"2026-02-10T15:39:06+00:00","breadcrumb":{"@id":"https:\/\/www.poligonoerletxe.eus\/el-poligono-industrial-erletxe-suma-una-nueva-empresa-asociada-image-impresion\/#breadcrumb"},"inLanguage":"eu","potentialAction":[{"@type":"ReadAction","target":["https:\/\/www.poligonoerletxe.eus\/el-poligono-industrial-erletxe-suma-una-nueva-empresa-asociada-image-impresion\/"]}]},{"@type":"ImageObject","inLanguage":"eu","@id":"https:\/\/www.poligonoerletxe.eus\/el-poligono-industrial-erletxe-suma-una-nueva-empresa-asociada-image-impresion\/#primaryimage","url":"https:\/\/www.poligonoerletxe.eus\/wp-content\/uploads\/image-1.png","contentUrl":"https:\/\/www.poligonoerletxe.eus\/wp-content\/uploads\/image-1.png","width":1368,"height":441},{"@type":"BreadcrumbList","@id":"https:\/\/www.poligonoerletxe.eus\/el-poligono-industrial-erletxe-suma-una-nueva-empresa-asociada-image-impresion\/#breadcrumb","itemListElement":[{"@type":"ListItem","position":1,"name":"Inicio","item":"https:\/\/www.poligonoerletxe.eus\/"},{"@type":"ListItem","position":2,"name":"El Pol\u00edgono Industrial Erletxe suma una nueva empresa asociada: Image Impresi\u00f3n"}]},{"@type":"WebSite","@id":"https:\/\/www.poligonoerletxe.eus\/#website","url":"https:\/\/www.poligonoerletxe.eus\/","name":"industrialdeak, bere enpresa-elkartearen bitartez, aktiboki parte hartuko du hurrengo Makina-Erremintaren Nazioarteko Biurtekoan (BIEMH),","description":"Asociaci\u00f3n Empresarial","publisher":{"@id":"https:\/\/www.poligonoerletxe.eus\/#organization"},"potentialAction":[{"@type":"SearchAction","target":{"@type":"EntryPoint","urlTemplate":"https:\/\/www.poligonoerletxe.eus\/?s={search_term_string}"},"query-input":{"@type":"PropertyValueSpecification","valueRequired":true,"valueName":"search_term_string"}}],"inLanguage":"eu"},{"@type":"Organization","@id":"https:\/\/www.poligonoerletxe.eus\/#organization","name":"industrialdeak, bere enpresa-elkartearen bitartez, aktiboki parte hartuko du hurrengo Makina-Erremintaren Nazioarteko Biurtekoan (BIEMH),","url":"https:\/\/www.poligonoerletxe.eus\/","logo":{"@type":"ImageObject","inLanguage":"eu","@id":"https:\/\/www.poligonoerletxe.eus\/#\/schema\/logo\/image\/","url":"https:\/\/www.poligonoerletxe.eus\/wp-content\/uploads\/Logotipo-PoligonoIndustrialErletxe.png","contentUrl":"https:\/\/www.poligonoerletxe.eus\/wp-content\/uploads\/Logotipo-PoligonoIndustrialErletxe.png","width":700,"height":262,"caption":"Pol\u00edgono Industrial Erletxe"},"image":{"@id":"https:\/\/www.poligonoerletxe.eus\/#\/schema\/logo\/image\/"}},{"@type":"Person","@id":"https:\/\/www.poligonoerletxe.eus\/#\/schema\/person\/73eed9c5be78ce9bd84e953a452ad90c","name":"Beatriz Coonic","url":"https:\/\/www.poligonoerletxe.eus\/eu\/author\/beatriz_coonic\/"}]}},"_links":{"self":[{"href":"https:\/\/www.poligonoerletxe.eus\/eu\/wp-json\/wp\/v2\/posts\/910","targetHints":{"allow":["GET"]}}],"collection":[{"href":"https:\/\/www.poligonoerletxe.eus\/eu\/wp-json\/wp\/v2\/posts"}],"about":[{"href":"https:\/\/www.poligonoerletxe.eus\/eu\/wp-json\/wp\/v2\/types\/post"}],"author":[{"embeddable":true,"href":"https:\/\/www.poligonoerletxe.eus\/eu\/wp-json\/wp\/v2\/users\/2"}],"replies":[{"embeddable":true,"href":"https:\/\/www.poligonoerletxe.eus\/eu\/wp-json\/wp\/v2\/comments?post=910"}],"version-history":[{"count":1,"href":"https:\/\/www.poligonoerletxe.eus\/eu\/wp-json\/wp\/v2\/posts\/910\/revisions"}],"predecessor-version":[{"id":912,"href":"https:\/\/www.poligonoerletxe.eus\/eu\/wp-json\/wp\/v2\/posts\/910\/revisions\/912"}],"wp:featuredmedia":[{"embeddable":true,"href":"https:\/\/www.poligonoerletxe.eus\/eu\/wp-json\/wp\/v2\/media\/914"}],"wp:attachment":[{"href":"https:\/\/www.poligonoerletxe.eus\/eu\/wp-json\/wp\/v2\/media?parent=910"}],"wp:term":[{"taxonomy":"category","embeddable":true,"href":"https:\/\/www.poligonoerletxe.eus\/eu\/wp-json\/wp\/v2\/categories?post=910"},{"taxonomy":"post_tag","embeddable":true,"href":"https:\/\/www.poligonoerletxe.eus\/eu\/wp-json\/wp\/v2\/tags?post=910"}],"curies":[{"name":"wp","href":"https:\/\/api.w.org\/{rel}","templated":true}]}}