{"id":915,"date":"2026-02-10T15:46:26","date_gmt":"2026-02-10T15:46:26","guid":{"rendered":"https:\/\/www.poligonoerletxe.eus\/?p=915"},"modified":"2026-02-10T15:58:41","modified_gmt":"2026-02-10T15:58:41","slug":"la-asociacion-empresarial-del-poligono-industrial-erletxe-da-la-bienvenida-a-diverparke","status":"publish","type":"post","link":"https:\/\/www.poligonoerletxe.eus\/eu\/la-asociacion-empresarial-del-poligono-industrial-erletxe-da-la-bienvenida-a-diverparke\/","title":{"rendered":"Erletxe Industrialdeko Enpresa Elkarteak ongietorria ematen dio DiverParkeri"},"content":{"rendered":"<p>Erletxe Industrialdeko Enpresa Elkarteak <strong>hazten jarraitzen du enpresa elkartu berri bat<\/strong> gehituta: DiverParke, <a href=\"https:\/\/www.diverparke.com\/\">https:\/\/www.diverparke.com\/<\/a>hogei urte baino gehiagoko esperientzia duen familia enpresa, aisialdi, entretenimendu eta haur eta gazteentzako jarduerak eskaintzen dituena.<\/p>\n\n\n\n<figure class=\"wp-block-image size-large\"><img fetchpriority=\"high\" decoding=\"async\" width=\"1024\" height=\"682\" src=\"https:\/\/www.poligonoerletxe.eus\/wp-content\/uploads\/diverparke1-1024x682.jpg\" alt=\"\" class=\"wp-image-916\" srcset=\"\" sizes=\"(max-width: 1024px) 100vw, 1024px\" data-srcset=\"\" \/><\/figure>\n\n\n\n<p>Jolasak, parke tematikoak eta ekitaldietarako puzgarriak alokatzen espezializatuta,<strong>enpresak aktiboki parte hartzen du jaiak, kirol-jarduerak, familia-ekitaldiak eta era<\/strong>guztietako ospakizunak antolatzen, bezero partikularrei, udalei, elkarteei, ikastetxeei eta beste erakunde batzuei egokituta.<\/p>\n\n\n\n<p>Erletxe industrialdean du egoitza<strong>(H plataforma, 2 eraikina, 7. pabiloia, Galdakao). <\/strong>DiverParkek zerbitzu-eskaintza bat gehitzen dio industrialdeko enpresa-ehunari, dibertimenduaren, segurtasunaren eta kalitatearen aldeko apustua egiten duena.<\/p>\n\n\n\n<p>Horrela, Erletxe industrialdearen hazkundearekin eta dinamizazioarekin duen konpromisoa indartzen du Elkarteak, enpresen arteko lankidetza sustatuz eta enklabearen garapen ekonomikoari lagunduz.<\/p>\n\n\n\n<p>DiverParkeren etorrerak elkartean dauden sektoreen aniztasuna zabaltzen du eta elkartekideen artean sinergia-aukera berriak irekitzen ditu.<\/p>\n\n\n\n<p><strong>Ongi etorri, DiverParke!<\/strong><\/p>","protected":false},"excerpt":{"rendered":"<p>La Asociaci\u00f3n Empresarial del Pol\u00edgono Industrial Erletxe sigue creciendo con la incorporaci\u00f3n de una nueva empresa asociada: DiverParke, empresa familiar con m\u00e1s de veinte a\u00f1os de experiencia dedicada a ofrecer servicios de ocio, entretenimiento y actividades infantiles y juveniles. Especializada en el alquiler de juegos, parques tem\u00e1ticos e hinchables para eventos, la empresa participa activamente &#8230; <a title=\"Erletxe Industrialdeko Enpresa Elkarteak ongietorria ematen dio DiverParkeri\" class=\"read-more\" href=\"https:\/\/www.poligonoerletxe.eus\/eu\/la-asociacion-empresarial-del-poligono-industrial-erletxe-da-la-bienvenida-a-diverparke\/\" aria-label=\"Read more about La Asociaci\u00f3n Empresarial del Pol\u00edgono Industrial Erletxe da la bienvenida a DiverParke\">Gehiago irakurri<\/a><\/p>","protected":false},"author":2,"featured_media":917,"comment_status":"closed","ping_status":"closed","sticky":false,"template":"","format":"standard","meta":{"_acf_changed":false,"footnotes":""},"categories":[1,40],"tags":[],"class_list":["post-915","post","type-post","status-publish","format-standard","has-post-thumbnail","hentry","category-novedades","category-sin-categoria-es"],"acf":[],"yoast_head":"<!-- This site is optimized with the Yoast SEO plugin v26.9 - https:\/\/yoast.com\/product\/yoast-seo-wordpress\/ -->\n<title>La Asociaci\u00f3n Empresarial del Pol\u00edgono Industrial Erletxe da la bienvenida a DiverParke - Pol\u00edgono Industrial Erletxe<\/title>\n<meta name=\"robots\" content=\"index, follow, max-snippet:-1, max-image-preview:large, max-video-preview:-1\" \/>\n<link rel=\"canonical\" href=\"https:\/\/www.poligonoerletxe.eus\/eu\/la-asociacion-empresarial-del-poligono-industrial-erletxe-da-la-bienvenida-a-diverparke\/\" \/>\n<meta property=\"og:locale\" content=\"en_US\" \/>\n<meta property=\"og:type\" content=\"article\" \/>\n<meta property=\"og:title\" content=\"La Asociaci\u00f3n Empresarial del Pol\u00edgono Industrial Erletxe da la bienvenida a DiverParke - Pol\u00edgono Industrial Erletxe\" \/>\n<meta property=\"og:description\" content=\"La Asociaci\u00f3n Empresarial del Pol\u00edgono Industrial Erletxe sigue creciendo con la incorporaci\u00f3n de una nueva empresa asociada: DiverParke, empresa familiar con m\u00e1s de veinte a\u00f1os de experiencia dedicada a ofrecer servicios de ocio, entretenimiento y actividades infantiles y juveniles. Especializada en el alquiler de juegos, parques tem\u00e1ticos e hinchables para eventos, la empresa participa activamente ... Gehiago irakurri\" \/>\n<meta property=\"og:url\" content=\"https:\/\/www.poligonoerletxe.eus\/eu\/la-asociacion-empresarial-del-poligono-industrial-erletxe-da-la-bienvenida-a-diverparke\/\" \/>\n<meta property=\"og:site_name\" content=\"Pol\u00edgono Industrial Erletxe\" \/>\n<meta property=\"article:published_time\" content=\"2026-02-10T15:46:26+00:00\" \/>\n<meta property=\"article:modified_time\" content=\"2026-02-10T15:58:41+00:00\" \/>\n<meta property=\"og:image\" content=\"https:\/\/www.poligonoerletxe.eus\/wp-content\/uploads\/diverparke2.jpg\" \/>\n\t<meta property=\"og:image:width\" content=\"1280\" \/>\n\t<meta property=\"og:image:height\" content=\"854\" \/>\n\t<meta property=\"og:image:type\" content=\"image\/jpeg\" \/>\n<meta name=\"author\" content=\"Beatriz Coonic\" \/>\n<meta name=\"twitter:card\" content=\"summary_large_image\" \/>\n<meta name=\"twitter:label1\" content=\"Written by\" \/>\n\t<meta name=\"twitter:data1\" content=\"Beatriz Coonic\" \/>\n\t<meta name=\"twitter:label2\" content=\"Est. reading time\" \/>\n\t<meta name=\"twitter:data2\" content=\"2 minutua\" \/>\n<script type=\"application\/ld+json\" class=\"yoast-schema-graph\">{\"@context\":\"https:\/\/schema.org\",\"@graph\":[{\"@type\":\"Article\",\"@id\":\"https:\/\/www.poligonoerletxe.eus\/la-asociacion-empresarial-del-poligono-industrial-erletxe-da-la-bienvenida-a-diverparke\/#article\",\"isPartOf\":{\"@id\":\"https:\/\/www.poligonoerletxe.eus\/la-asociacion-empresarial-del-poligono-industrial-erletxe-da-la-bienvenida-a-diverparke\/\"},\"author\":{\"name\":\"Beatriz Coonic\",\"@id\":\"https:\/\/www.poligonoerletxe.eus\/#\/schema\/person\/73eed9c5be78ce9bd84e953a452ad90c\"},\"headline\":\"La Asociaci\u00f3n Empresarial del Pol\u00edgono Industrial Erletxe da la bienvenida a DiverParke\",\"datePublished\":\"2026-02-10T15:46:26+00:00\",\"dateModified\":\"2026-02-10T15:58:41+00:00\",\"mainEntityOfPage\":{\"@id\":\"https:\/\/www.poligonoerletxe.eus\/la-asociacion-empresarial-del-poligono-industrial-erletxe-da-la-bienvenida-a-diverparke\/\"},\"wordCount\":205,\"publisher\":{\"@id\":\"https:\/\/www.poligonoerletxe.eus\/#organization\"},\"image\":{\"@id\":\"https:\/\/www.poligonoerletxe.eus\/la-asociacion-empresarial-del-poligono-industrial-erletxe-da-la-bienvenida-a-diverparke\/#primaryimage\"},\"thumbnailUrl\":\"https:\/\/www.poligonoerletxe.eus\/wp-content\/uploads\/diverparke2.jpg\",\"articleSection\":[\"Novedades\",\"Sin categor\u00eda\"],\"inLanguage\":\"eu\"},{\"@type\":\"WebPage\",\"@id\":\"https:\/\/www.poligonoerletxe.eus\/la-asociacion-empresarial-del-poligono-industrial-erletxe-da-la-bienvenida-a-diverparke\/\",\"url\":\"https:\/\/www.poligonoerletxe.eus\/la-asociacion-empresarial-del-poligono-industrial-erletxe-da-la-bienvenida-a-diverparke\/\",\"name\":\"La Asociaci\u00f3n Empresarial del Pol\u00edgono Industrial Erletxe da la bienvenida a DiverParke - Pol\u00edgono Industrial Erletxe\",\"isPartOf\":{\"@id\":\"https:\/\/www.poligonoerletxe.eus\/#website\"},\"primaryImageOfPage\":{\"@id\":\"https:\/\/www.poligonoerletxe.eus\/la-asociacion-empresarial-del-poligono-industrial-erletxe-da-la-bienvenida-a-diverparke\/#primaryimage\"},\"image\":{\"@id\":\"https:\/\/www.poligonoerletxe.eus\/la-asociacion-empresarial-del-poligono-industrial-erletxe-da-la-bienvenida-a-diverparke\/#primaryimage\"},\"thumbnailUrl\":\"https:\/\/www.poligonoerletxe.eus\/wp-content\/uploads\/diverparke2.jpg\",\"datePublished\":\"2026-02-10T15:46:26+00:00\",\"dateModified\":\"2026-02-10T15:58:41+00:00\",\"breadcrumb\":{\"@id\":\"https:\/\/www.poligonoerletxe.eus\/la-asociacion-empresarial-del-poligono-industrial-erletxe-da-la-bienvenida-a-diverparke\/#breadcrumb\"},\"inLanguage\":\"eu\",\"potentialAction\":[{\"@type\":\"ReadAction\",\"target\":[\"https:\/\/www.poligonoerletxe.eus\/la-asociacion-empresarial-del-poligono-industrial-erletxe-da-la-bienvenida-a-diverparke\/\"]}]},{\"@type\":\"ImageObject\",\"inLanguage\":\"eu\",\"@id\":\"https:\/\/www.poligonoerletxe.eus\/la-asociacion-empresarial-del-poligono-industrial-erletxe-da-la-bienvenida-a-diverparke\/#primaryimage\",\"url\":\"https:\/\/www.poligonoerletxe.eus\/wp-content\/uploads\/diverparke2.jpg\",\"contentUrl\":\"https:\/\/www.poligonoerletxe.eus\/wp-content\/uploads\/diverparke2.jpg\",\"width\":1280,\"height\":854},{\"@type\":\"BreadcrumbList\",\"@id\":\"https:\/\/www.poligonoerletxe.eus\/la-asociacion-empresarial-del-poligono-industrial-erletxe-da-la-bienvenida-a-diverparke\/#breadcrumb\",\"itemListElement\":[{\"@type\":\"ListItem\",\"position\":1,\"name\":\"Inicio\",\"item\":\"https:\/\/www.poligonoerletxe.eus\/\"},{\"@type\":\"ListItem\",\"position\":2,\"name\":\"La Asociaci\u00f3n Empresarial del Pol\u00edgono Industrial Erletxe da la bienvenida a DiverParke\"}]},{\"@type\":\"WebSite\",\"@id\":\"https:\/\/www.poligonoerletxe.eus\/#website\",\"url\":\"https:\/\/www.poligonoerletxe.eus\/\",\"name\":\"Pol\u00edgono Industrial Erletxe\",\"description\":\"Asociaci\u00f3n Empresarial\",\"publisher\":{\"@id\":\"https:\/\/www.poligonoerletxe.eus\/#organization\"},\"potentialAction\":[{\"@type\":\"SearchAction\",\"target\":{\"@type\":\"EntryPoint\",\"urlTemplate\":\"https:\/\/www.poligonoerletxe.eus\/?s={search_term_string}\"},\"query-input\":{\"@type\":\"PropertyValueSpecification\",\"valueRequired\":true,\"valueName\":\"search_term_string\"}}],\"inLanguage\":\"eu\"},{\"@type\":\"Organization\",\"@id\":\"https:\/\/www.poligonoerletxe.eus\/#organization\",\"name\":\"Pol\u00edgono Industrial Erletxe\",\"url\":\"https:\/\/www.poligonoerletxe.eus\/\",\"logo\":{\"@type\":\"ImageObject\",\"inLanguage\":\"eu\",\"@id\":\"https:\/\/www.poligonoerletxe.eus\/#\/schema\/logo\/image\/\",\"url\":\"https:\/\/www.poligonoerletxe.eus\/wp-content\/uploads\/Logotipo-PoligonoIndustrialErletxe.png\",\"contentUrl\":\"https:\/\/www.poligonoerletxe.eus\/wp-content\/uploads\/Logotipo-PoligonoIndustrialErletxe.png\",\"width\":700,\"height\":262,\"caption\":\"Pol\u00edgono Industrial Erletxe\"},\"image\":{\"@id\":\"https:\/\/www.poligonoerletxe.eus\/#\/schema\/logo\/image\/\"}},{\"@type\":\"Person\",\"@id\":\"https:\/\/www.poligonoerletxe.eus\/#\/schema\/person\/73eed9c5be78ce9bd84e953a452ad90c\",\"name\":\"Beatriz Coonic\",\"url\":\"https:\/\/www.poligonoerletxe.eus\/eu\/author\/beatriz_coonic\/\"}]}<\/script>\n<!-- \/ Yoast SEO plugin. -->","yoast_head_json":{"title":"La Asociaci\u00f3n Empresarial del Pol\u00edgono Industrial Erletxe da la bienvenida a DiverParke - Pol\u00edgono Industrial Erletxe","robots":{"index":"index","follow":"follow","max-snippet":"max-snippet:-1","max-image-preview":"max-image-preview:large","max-video-preview":"max-video-preview:-1"},"canonical":"https:\/\/www.poligonoerletxe.eus\/eu\/la-asociacion-empresarial-del-poligono-industrial-erletxe-da-la-bienvenida-a-diverparke\/","og_locale":"en_US","og_type":"article","og_title":"La Asociaci\u00f3n Empresarial del Pol\u00edgono Industrial Erletxe da la bienvenida a DiverParke - Pol\u00edgono Industrial Erletxe","og_description":"La Asociaci\u00f3n Empresarial del Pol\u00edgono Industrial Erletxe sigue creciendo con la incorporaci\u00f3n de una nueva empresa asociada: DiverParke, empresa familiar con m\u00e1s de veinte a\u00f1os de experiencia dedicada a ofrecer servicios de ocio, entretenimiento y actividades infantiles y juveniles. Especializada en el alquiler de juegos, parques tem\u00e1ticos e hinchables para eventos, la empresa participa activamente ... Gehiago irakurri","og_url":"https:\/\/www.poligonoerletxe.eus\/eu\/la-asociacion-empresarial-del-poligono-industrial-erletxe-da-la-bienvenida-a-diverparke\/","og_site_name":"Pol\u00edgono Industrial Erletxe","article_published_time":"2026-02-10T15:46:26+00:00","article_modified_time":"2026-02-10T15:58:41+00:00","og_image":[{"width":1280,"height":854,"url":"https:\/\/www.poligonoerletxe.eus\/wp-content\/uploads\/diverparke2.jpg","type":"image\/jpeg"}],"author":"Beatriz Coonic","twitter_card":"summary_large_image","twitter_misc":{"Written by":"Beatriz Coonic","Est. reading time":"2 minutua"},"schema":{"@context":"https:\/\/schema.org","@graph":[{"@type":"Article","@id":"https:\/\/www.poligonoerletxe.eus\/la-asociacion-empresarial-del-poligono-industrial-erletxe-da-la-bienvenida-a-diverparke\/#article","isPartOf":{"@id":"https:\/\/www.poligonoerletxe.eus\/la-asociacion-empresarial-del-poligono-industrial-erletxe-da-la-bienvenida-a-diverparke\/"},"author":{"name":"Beatriz Coonic","@id":"https:\/\/www.poligonoerletxe.eus\/#\/schema\/person\/73eed9c5be78ce9bd84e953a452ad90c"},"headline":"La Asociaci\u00f3n Empresarial del Pol\u00edgono Industrial Erletxe da la bienvenida a DiverParke","datePublished":"2026-02-10T15:46:26+00:00","dateModified":"2026-02-10T15:58:41+00:00","mainEntityOfPage":{"@id":"https:\/\/www.poligonoerletxe.eus\/la-asociacion-empresarial-del-poligono-industrial-erletxe-da-la-bienvenida-a-diverparke\/"},"wordCount":205,"publisher":{"@id":"https:\/\/www.poligonoerletxe.eus\/#organization"},"image":{"@id":"https:\/\/www.poligonoerletxe.eus\/la-asociacion-empresarial-del-poligono-industrial-erletxe-da-la-bienvenida-a-diverparke\/#primaryimage"},"thumbnailUrl":"https:\/\/www.poligonoerletxe.eus\/wp-content\/uploads\/diverparke2.jpg","articleSection":["Novedades","Sin categor\u00eda"],"inLanguage":"eu"},{"@type":"WebPage","@id":"https:\/\/www.poligonoerletxe.eus\/la-asociacion-empresarial-del-poligono-industrial-erletxe-da-la-bienvenida-a-diverparke\/","url":"https:\/\/www.poligonoerletxe.eus\/la-asociacion-empresarial-del-poligono-industrial-erletxe-da-la-bienvenida-a-diverparke\/","name":"La Asociaci\u00f3n Empresarial del Pol\u00edgono Industrial Erletxe da la bienvenida a DiverParke - Pol\u00edgono Industrial Erletxe","isPartOf":{"@id":"https:\/\/www.poligonoerletxe.eus\/#website"},"primaryImageOfPage":{"@id":"https:\/\/www.poligonoerletxe.eus\/la-asociacion-empresarial-del-poligono-industrial-erletxe-da-la-bienvenida-a-diverparke\/#primaryimage"},"image":{"@id":"https:\/\/www.poligonoerletxe.eus\/la-asociacion-empresarial-del-poligono-industrial-erletxe-da-la-bienvenida-a-diverparke\/#primaryimage"},"thumbnailUrl":"https:\/\/www.poligonoerletxe.eus\/wp-content\/uploads\/diverparke2.jpg","datePublished":"2026-02-10T15:46:26+00:00","dateModified":"2026-02-10T15:58:41+00:00","breadcrumb":{"@id":"https:\/\/www.poligonoerletxe.eus\/la-asociacion-empresarial-del-poligono-industrial-erletxe-da-la-bienvenida-a-diverparke\/#breadcrumb"},"inLanguage":"eu","potentialAction":[{"@type":"ReadAction","target":["https:\/\/www.poligonoerletxe.eus\/la-asociacion-empresarial-del-poligono-industrial-erletxe-da-la-bienvenida-a-diverparke\/"]}]},{"@type":"ImageObject","inLanguage":"eu","@id":"https:\/\/www.poligonoerletxe.eus\/la-asociacion-empresarial-del-poligono-industrial-erletxe-da-la-bienvenida-a-diverparke\/#primaryimage","url":"https:\/\/www.poligonoerletxe.eus\/wp-content\/uploads\/diverparke2.jpg","contentUrl":"https:\/\/www.poligonoerletxe.eus\/wp-content\/uploads\/diverparke2.jpg","width":1280,"height":854},{"@type":"BreadcrumbList","@id":"https:\/\/www.poligonoerletxe.eus\/la-asociacion-empresarial-del-poligono-industrial-erletxe-da-la-bienvenida-a-diverparke\/#breadcrumb","itemListElement":[{"@type":"ListItem","position":1,"name":"Inicio","item":"https:\/\/www.poligonoerletxe.eus\/"},{"@type":"ListItem","position":2,"name":"La Asociaci\u00f3n Empresarial del Pol\u00edgono Industrial Erletxe da la bienvenida a DiverParke"}]},{"@type":"WebSite","@id":"https:\/\/www.poligonoerletxe.eus\/#website","url":"https:\/\/www.poligonoerletxe.eus\/","name":"industrialdeak, bere enpresa-elkartearen bitartez, aktiboki parte hartuko du hurrengo Makina-Erremintaren Nazioarteko Biurtekoan (BIEMH),","description":"Asociaci\u00f3n Empresarial","publisher":{"@id":"https:\/\/www.poligonoerletxe.eus\/#organization"},"potentialAction":[{"@type":"SearchAction","target":{"@type":"EntryPoint","urlTemplate":"https:\/\/www.poligonoerletxe.eus\/?s={search_term_string}"},"query-input":{"@type":"PropertyValueSpecification","valueRequired":true,"valueName":"search_term_string"}}],"inLanguage":"eu"},{"@type":"Organization","@id":"https:\/\/www.poligonoerletxe.eus\/#organization","name":"industrialdeak, bere enpresa-elkartearen bitartez, aktiboki parte hartuko du hurrengo Makina-Erremintaren Nazioarteko Biurtekoan (BIEMH),","url":"https:\/\/www.poligonoerletxe.eus\/","logo":{"@type":"ImageObject","inLanguage":"eu","@id":"https:\/\/www.poligonoerletxe.eus\/#\/schema\/logo\/image\/","url":"https:\/\/www.poligonoerletxe.eus\/wp-content\/uploads\/Logotipo-PoligonoIndustrialErletxe.png","contentUrl":"https:\/\/www.poligonoerletxe.eus\/wp-content\/uploads\/Logotipo-PoligonoIndustrialErletxe.png","width":700,"height":262,"caption":"Pol\u00edgono Industrial Erletxe"},"image":{"@id":"https:\/\/www.poligonoerletxe.eus\/#\/schema\/logo\/image\/"}},{"@type":"Person","@id":"https:\/\/www.poligonoerletxe.eus\/#\/schema\/person\/73eed9c5be78ce9bd84e953a452ad90c","name":"Beatriz Coonic","url":"https:\/\/www.poligonoerletxe.eus\/eu\/author\/beatriz_coonic\/"}]}},"_links":{"self":[{"href":"https:\/\/www.poligonoerletxe.eus\/eu\/wp-json\/wp\/v2\/posts\/915","targetHints":{"allow":["GET"]}}],"collection":[{"href":"https:\/\/www.poligonoerletxe.eus\/eu\/wp-json\/wp\/v2\/posts"}],"about":[{"href":"https:\/\/www.poligonoerletxe.eus\/eu\/wp-json\/wp\/v2\/types\/post"}],"author":[{"embeddable":true,"href":"https:\/\/www.poligonoerletxe.eus\/eu\/wp-json\/wp\/v2\/users\/2"}],"replies":[{"embeddable":true,"href":"https:\/\/www.poligonoerletxe.eus\/eu\/wp-json\/wp\/v2\/comments?post=915"}],"version-history":[{"count":1,"href":"https:\/\/www.poligonoerletxe.eus\/eu\/wp-json\/wp\/v2\/posts\/915\/revisions"}],"predecessor-version":[{"id":918,"href":"https:\/\/www.poligonoerletxe.eus\/eu\/wp-json\/wp\/v2\/posts\/915\/revisions\/918"}],"wp:featuredmedia":[{"embeddable":true,"href":"https:\/\/www.poligonoerletxe.eus\/eu\/wp-json\/wp\/v2\/media\/917"}],"wp:attachment":[{"href":"https:\/\/www.poligonoerletxe.eus\/eu\/wp-json\/wp\/v2\/media?parent=915"}],"wp:term":[{"taxonomy":"category","embeddable":true,"href":"https:\/\/www.poligonoerletxe.eus\/eu\/wp-json\/wp\/v2\/categories?post=915"},{"taxonomy":"post_tag","embeddable":true,"href":"https:\/\/www.poligonoerletxe.eus\/eu\/wp-json\/wp\/v2\/tags?post=915"}],"curies":[{"name":"wp","href":"https:\/\/api.w.org\/{rel}","templated":true}]}}