{"id":923,"date":"2026-02-12T11:19:24","date_gmt":"2026-02-12T11:19:24","guid":{"rendered":"https:\/\/www.poligonoerletxe.eus\/?p=923"},"modified":"2026-02-13T13:58:24","modified_gmt":"2026-02-13T13:58:24","slug":"la-asociacion-del-poligono-industrial-erletxe-participa-en-la-bienal-internacional-de-maquina-herramienta-2026-2","status":"publish","type":"post","link":"https:\/\/www.poligonoerletxe.eus\/eu\/la-asociacion-del-poligono-industrial-erletxe-participa-en-la-bienal-internacional-de-maquina-herramienta-2026-2\/","title":{"rendered":"Erletxe industrialdeko elkarteak Makina-Erremintaren 2026ko Nazioarteko Biurtekoan parte hartuko du"},"content":{"rendered":"<p>Erletxe industrialdeak, bere enpresa-elkartearen bitartez, aktiboki parte hartuko du hurrengo Makina-Erremintaren Nazioarteko Biurtekoan (BIEMH), zeina martxoaren 2tik 6ra egingo baita Bilbao Exhibition Centren (BEC), Barakaldon (Bizkaia).<\/p>\n\n\n\n<p>Galdakaoko Udalak parte-hartze hori babesten du, nazioarteko erakusleiho estrategiko batean tokiko industria ikusarazteko eta sustatzeko aukera baita. Bestalde, Galdakaoko alkate I\u00f1igo Arriandiagak inauguratuko ditu Elkarteak eta bere enpresetako batzuek izango dituzten standak:<\/p>\n\n\n\n<ul class=\"wp-block-list\">\n<li>Einnek. Makineriaren eta ekipamendu-ondasunen fabrikatzaileentzako koadro elektriko industrialen diseinuan eta fabrikazioan espezializatua. Gainera, Cebek Emprende 2023 saria du, bizkaitarraren balioak ordezkatzen dituen Bizkaiko enpresatzat hartzen due\u00f1a, hazkunde-baldintzekin eta gure gizartean balioa, enplegua eta aberastasuna etorkizunean sortzeko baldintzekin.<\/li>\n\n\n\n<li>Pegamo. Mantenu-sektorean aritzen da, eta erosteko aholkularitza eta makinak alokatu eta konpontzeko zerbitzuak eskaintzen ditu.<\/li>\n\n\n\n<li>Servigraf. Errotuluak, seinaleak eta irudi grafiko aplikatua fabrikatzen eta muntatzen 30 urteko esperientzia duen enpresa. Punta-puntako teknologiako makina-erreminta eta lantalde espezializatu eta esperimentatu bat ditu, eta horrek ikusizko komunikazioko edo argiztapen edozein proiektu handia lortzea bermatzen du.<\/li>\n\n\n\n<li>Aplitec TT. Sendotutako enpresa da, eta esperientzia handia du tratamendu termikoetan, soldaduran, sinterizazioan, petrokimikarako ordezpenetan, errausketa-labeetan eta zentral termikoetan, baita aeronautikarako tresnetan ere.<\/li>\n\n\n\n<li>Inymel Ingenier\u00eda S.L. Automatismo industrialen, araztegietarako edo labeetarako koadro elektrikoen, eta abarren fabrikazioan espezializatua.<\/li>\n\n\n\n<li>GBM. Makina eta industria lerroak automatizatuen diseinuan eta garapenean espezializatutako ingeniaritza industrialeko enpresa, proiektuaren fase guztiak barne hartzen dituzten konponbideak eskaintzen dituena: hasierako kontzepziotik eta salmenta ondoko euskarriraino.<\/li>\n<\/ul>\n\n\n\n<p>BIEMH Europan makina-erremintaren eta fabrikazio aurreratuaren sektoreko ekitaldi garrantzitsuenetakotzat jotzen da, eta ehunka erakusketari eta milaka profesional bilduko ditu BECen, hala nola automobilgintza, aeroespaziala, metalurgia, energia eta ekipo-ondasunak, besteak beste. Kongresuak zuzeneko erakustaldiak, berrikuntza teknologikoak eta automatizazioari, robotikari eta digitalizazioari eskainitako espazioak izango ditu.<\/p>\n\n\n\n<p>Erletxeko industrialdeko enpresek hazten, berritzen eta elkarrekin lan egiten jarraitzeko egiten duten eguneroko ahalegina sinbolizatzen du partaidetza horrek. Horrelako ekitaldi batean egoteak ikusgarritasuna handitzea, harreman berriak sortzea eta ingurunearentzat enplegua eta aberastasuna sortzen duen ekosistema industriala indartzea suposatzen du. Poligonoak etorkizunari anbizioz eta konfiantzaz begiratzen diola erakusten du.<\/p>","protected":false},"excerpt":{"rendered":"<p>El Pol\u00edgono Industrial Erletxe, a trav\u00e9s de su asociaci\u00f3n empresarial, participar\u00e1 activamente en la pr\u00f3xima Bienal Internacional de M\u00e1quina-Herramienta (BIEMH), que se celebrar\u00e1 del 2 al 6 de marzo en el Bilbao Exhibition Centre(BEC), en Barakaldo (Bizkaia). El Ayuntamiento de Galdakao apoya esta participaci\u00f3n como una buena oportunidad para visibilizar y potenciar la industria local &#8230; <a title=\"Erletxe industrialdeko elkarteak Makina-Erremintaren 2026ko Nazioarteko Biurtekoan parte hartuko du\" class=\"read-more\" href=\"https:\/\/www.poligonoerletxe.eus\/eu\/la-asociacion-del-poligono-industrial-erletxe-participa-en-la-bienal-internacional-de-maquina-herramienta-2026-2\/\" aria-label=\"Read more about La asociaci\u00f3n del Pol\u00edgono Industrial Erletxe participa en la Bienal Internacional de M\u00e1quina-Herramienta 2026\">Gehiago irakurri<\/a><\/p>","protected":false},"author":2,"featured_media":906,"comment_status":"closed","ping_status":"closed","sticky":false,"template":"","format":"standard","meta":{"_acf_changed":false,"footnotes":""},"categories":[1,40],"tags":[],"class_list":["post-923","post","type-post","status-publish","format-standard","has-post-thumbnail","hentry","category-novedades","category-sin-categoria-es"],"acf":[],"yoast_head":"<!-- This site is optimized with the Yoast SEO plugin v26.9 - https:\/\/yoast.com\/product\/yoast-seo-wordpress\/ -->\n<title>La asociaci\u00f3n del Pol\u00edgono Industrial Erletxe participa en la Bienal Internacional de M\u00e1quina-Herramienta 2026 - Pol\u00edgono Industrial Erletxe<\/title>\n<meta name=\"description\" content=\"El Pol\u00edgono Industrial Erletxe, a trav\u00e9s de su asociaci\u00f3n empresarial, participar\u00e1 activamente en la pr\u00f3xima Bienal Internacional de M\u00e1quina-Herramienta (BIEMH), que se celebrar\u00e1 del 2 al 6 de marzo en el Bilbao Exhibition Centre(BEC), en Barakaldo (Bizkaia).\" \/>\n<meta name=\"robots\" content=\"index, follow, max-snippet:-1, max-image-preview:large, max-video-preview:-1\" \/>\n<link rel=\"canonical\" href=\"https:\/\/www.poligonoerletxe.eus\/eu\/la-asociacion-del-poligono-industrial-erletxe-participa-en-la-bienal-internacional-de-maquina-herramienta-2026-2\/\" \/>\n<meta property=\"og:locale\" content=\"en_US\" \/>\n<meta property=\"og:type\" content=\"article\" \/>\n<meta property=\"og:title\" content=\"La asociaci\u00f3n del Pol\u00edgono Industrial Erletxe participa en la Bienal Internacional de M\u00e1quina-Herramienta 2026 - Pol\u00edgono Industrial Erletxe\" \/>\n<meta property=\"og:description\" content=\"El Pol\u00edgono Industrial Erletxe, a trav\u00e9s de su asociaci\u00f3n empresarial, participar\u00e1 activamente en la pr\u00f3xima Bienal Internacional de M\u00e1quina-Herramienta (BIEMH), que se celebrar\u00e1 del 2 al 6 de marzo en el Bilbao Exhibition Centre(BEC), en Barakaldo (Bizkaia).\" \/>\n<meta property=\"og:url\" content=\"https:\/\/www.poligonoerletxe.eus\/eu\/la-asociacion-del-poligono-industrial-erletxe-participa-en-la-bienal-internacional-de-maquina-herramienta-2026-2\/\" \/>\n<meta property=\"og:site_name\" content=\"Pol\u00edgono Industrial Erletxe\" \/>\n<meta property=\"article:published_time\" content=\"2026-02-12T11:19:24+00:00\" \/>\n<meta property=\"article:modified_time\" content=\"2026-02-13T13:58:24+00:00\" \/>\n<meta property=\"og:image\" content=\"https:\/\/www.poligonoerletxe.eus\/wp-content\/uploads\/BIENAL.jpg\" \/>\n\t<meta property=\"og:image:width\" content=\"960\" \/>\n\t<meta property=\"og:image:height\" content=\"640\" \/>\n\t<meta property=\"og:image:type\" content=\"image\/jpeg\" \/>\n<meta name=\"author\" content=\"Beatriz Coonic\" \/>\n<meta name=\"twitter:card\" content=\"summary_large_image\" \/>\n<meta name=\"twitter:label1\" content=\"Written by\" \/>\n\t<meta name=\"twitter:data1\" content=\"Beatriz Coonic\" \/>\n\t<meta name=\"twitter:label2\" content=\"Est. reading time\" \/>\n\t<meta name=\"twitter:data2\" content=\"3 minutua\" \/>\n<script type=\"application\/ld+json\" class=\"yoast-schema-graph\">{\"@context\":\"https:\/\/schema.org\",\"@graph\":[{\"@type\":\"Article\",\"@id\":\"https:\/\/www.poligonoerletxe.eus\/la-asociacion-del-poligono-industrial-erletxe-participa-en-la-bienal-internacional-de-maquina-herramienta-2026-2\/#article\",\"isPartOf\":{\"@id\":\"https:\/\/www.poligonoerletxe.eus\/la-asociacion-del-poligono-industrial-erletxe-participa-en-la-bienal-internacional-de-maquina-herramienta-2026-2\/\"},\"author\":{\"name\":\"Beatriz Coonic\",\"@id\":\"https:\/\/www.poligonoerletxe.eus\/#\/schema\/person\/73eed9c5be78ce9bd84e953a452ad90c\"},\"headline\":\"La asociaci\u00f3n del Pol\u00edgono Industrial Erletxe participa en la Bienal Internacional de M\u00e1quina-Herramienta 2026\",\"datePublished\":\"2026-02-12T11:19:24+00:00\",\"dateModified\":\"2026-02-13T13:58:24+00:00\",\"mainEntityOfPage\":{\"@id\":\"https:\/\/www.poligonoerletxe.eus\/la-asociacion-del-poligono-industrial-erletxe-participa-en-la-bienal-internacional-de-maquina-herramienta-2026-2\/\"},\"wordCount\":499,\"publisher\":{\"@id\":\"https:\/\/www.poligonoerletxe.eus\/#organization\"},\"image\":{\"@id\":\"https:\/\/www.poligonoerletxe.eus\/la-asociacion-del-poligono-industrial-erletxe-participa-en-la-bienal-internacional-de-maquina-herramienta-2026-2\/#primaryimage\"},\"thumbnailUrl\":\"https:\/\/www.poligonoerletxe.eus\/wp-content\/uploads\/BIENAL.jpg\",\"articleSection\":[\"Novedades\",\"Sin categor\u00eda\"],\"inLanguage\":\"eu\"},{\"@type\":\"WebPage\",\"@id\":\"https:\/\/www.poligonoerletxe.eus\/la-asociacion-del-poligono-industrial-erletxe-participa-en-la-bienal-internacional-de-maquina-herramienta-2026-2\/\",\"url\":\"https:\/\/www.poligonoerletxe.eus\/la-asociacion-del-poligono-industrial-erletxe-participa-en-la-bienal-internacional-de-maquina-herramienta-2026-2\/\",\"name\":\"La asociaci\u00f3n del Pol\u00edgono Industrial Erletxe participa en la Bienal Internacional de M\u00e1quina-Herramienta 2026 - Pol\u00edgono Industrial Erletxe\",\"isPartOf\":{\"@id\":\"https:\/\/www.poligonoerletxe.eus\/#website\"},\"primaryImageOfPage\":{\"@id\":\"https:\/\/www.poligonoerletxe.eus\/la-asociacion-del-poligono-industrial-erletxe-participa-en-la-bienal-internacional-de-maquina-herramienta-2026-2\/#primaryimage\"},\"image\":{\"@id\":\"https:\/\/www.poligonoerletxe.eus\/la-asociacion-del-poligono-industrial-erletxe-participa-en-la-bienal-internacional-de-maquina-herramienta-2026-2\/#primaryimage\"},\"thumbnailUrl\":\"https:\/\/www.poligonoerletxe.eus\/wp-content\/uploads\/BIENAL.jpg\",\"datePublished\":\"2026-02-12T11:19:24+00:00\",\"dateModified\":\"2026-02-13T13:58:24+00:00\",\"description\":\"El Pol\u00edgono Industrial Erletxe, a trav\u00e9s de su asociaci\u00f3n empresarial, participar\u00e1 activamente en la pr\u00f3xima Bienal Internacional de M\u00e1quina-Herramienta (BIEMH), que se celebrar\u00e1 del 2 al 6 de marzo en el Bilbao Exhibition Centre(BEC), en Barakaldo (Bizkaia).\",\"breadcrumb\":{\"@id\":\"https:\/\/www.poligonoerletxe.eus\/la-asociacion-del-poligono-industrial-erletxe-participa-en-la-bienal-internacional-de-maquina-herramienta-2026-2\/#breadcrumb\"},\"inLanguage\":\"eu\",\"potentialAction\":[{\"@type\":\"ReadAction\",\"target\":[\"https:\/\/www.poligonoerletxe.eus\/la-asociacion-del-poligono-industrial-erletxe-participa-en-la-bienal-internacional-de-maquina-herramienta-2026-2\/\"]}]},{\"@type\":\"ImageObject\",\"inLanguage\":\"eu\",\"@id\":\"https:\/\/www.poligonoerletxe.eus\/la-asociacion-del-poligono-industrial-erletxe-participa-en-la-bienal-internacional-de-maquina-herramienta-2026-2\/#primaryimage\",\"url\":\"https:\/\/www.poligonoerletxe.eus\/wp-content\/uploads\/BIENAL.jpg\",\"contentUrl\":\"https:\/\/www.poligonoerletxe.eus\/wp-content\/uploads\/BIENAL.jpg\",\"width\":960,\"height\":640},{\"@type\":\"BreadcrumbList\",\"@id\":\"https:\/\/www.poligonoerletxe.eus\/la-asociacion-del-poligono-industrial-erletxe-participa-en-la-bienal-internacional-de-maquina-herramienta-2026-2\/#breadcrumb\",\"itemListElement\":[{\"@type\":\"ListItem\",\"position\":1,\"name\":\"Inicio\",\"item\":\"https:\/\/www.poligonoerletxe.eus\/\"},{\"@type\":\"ListItem\",\"position\":2,\"name\":\"La asociaci\u00f3n del Pol\u00edgono Industrial Erletxe participa en la Bienal Internacional de M\u00e1quina-Herramienta 2026\"}]},{\"@type\":\"WebSite\",\"@id\":\"https:\/\/www.poligonoerletxe.eus\/#website\",\"url\":\"https:\/\/www.poligonoerletxe.eus\/\",\"name\":\"Pol\u00edgono Industrial Erletxe\",\"description\":\"Asociaci\u00f3n Empresarial\",\"publisher\":{\"@id\":\"https:\/\/www.poligonoerletxe.eus\/#organization\"},\"potentialAction\":[{\"@type\":\"SearchAction\",\"target\":{\"@type\":\"EntryPoint\",\"urlTemplate\":\"https:\/\/www.poligonoerletxe.eus\/?s={search_term_string}\"},\"query-input\":{\"@type\":\"PropertyValueSpecification\",\"valueRequired\":true,\"valueName\":\"search_term_string\"}}],\"inLanguage\":\"eu\"},{\"@type\":\"Organization\",\"@id\":\"https:\/\/www.poligonoerletxe.eus\/#organization\",\"name\":\"Pol\u00edgono Industrial Erletxe\",\"url\":\"https:\/\/www.poligonoerletxe.eus\/\",\"logo\":{\"@type\":\"ImageObject\",\"inLanguage\":\"eu\",\"@id\":\"https:\/\/www.poligonoerletxe.eus\/#\/schema\/logo\/image\/\",\"url\":\"https:\/\/www.poligonoerletxe.eus\/wp-content\/uploads\/Logotipo-PoligonoIndustrialErletxe.png\",\"contentUrl\":\"https:\/\/www.poligonoerletxe.eus\/wp-content\/uploads\/Logotipo-PoligonoIndustrialErletxe.png\",\"width\":700,\"height\":262,\"caption\":\"Pol\u00edgono Industrial Erletxe\"},\"image\":{\"@id\":\"https:\/\/www.poligonoerletxe.eus\/#\/schema\/logo\/image\/\"}},{\"@type\":\"Person\",\"@id\":\"https:\/\/www.poligonoerletxe.eus\/#\/schema\/person\/73eed9c5be78ce9bd84e953a452ad90c\",\"name\":\"Beatriz Coonic\",\"url\":\"https:\/\/www.poligonoerletxe.eus\/eu\/author\/beatriz_coonic\/\"}]}<\/script>\n<!-- \/ Yoast SEO plugin. -->","yoast_head_json":{"title":"La asociaci\u00f3n del Pol\u00edgono Industrial Erletxe participa en la Bienal Internacional de M\u00e1quina-Herramienta 2026 - Pol\u00edgono Industrial Erletxe","description":"Erletxe industrialdeak, bere enpresa-elkartearen bitartez, aktiboki parte hartuko du hurrengo Makina-Erremintaren Nazioarteko Biurtekoan (BIEMH), zeina martxoaren 2tik 6ra egingo baita Bilbao Exhibition Centren (BEC), Barakaldon (Bizkaia).","robots":{"index":"index","follow":"follow","max-snippet":"max-snippet:-1","max-image-preview":"max-image-preview:large","max-video-preview":"max-video-preview:-1"},"canonical":"https:\/\/www.poligonoerletxe.eus\/eu\/la-asociacion-del-poligono-industrial-erletxe-participa-en-la-bienal-internacional-de-maquina-herramienta-2026-2\/","og_locale":"en_US","og_type":"article","og_title":"La asociaci\u00f3n del Pol\u00edgono Industrial Erletxe participa en la Bienal Internacional de M\u00e1quina-Herramienta 2026 - Pol\u00edgono Industrial Erletxe","og_description":"El Pol\u00edgono Industrial Erletxe, a trav\u00e9s de su asociaci\u00f3n empresarial, participar\u00e1 activamente en la pr\u00f3xima Bienal Internacional de M\u00e1quina-Herramienta (BIEMH), que se celebrar\u00e1 del 2 al 6 de marzo en el Bilbao Exhibition Centre(BEC), en Barakaldo (Bizkaia).","og_url":"https:\/\/www.poligonoerletxe.eus\/eu\/la-asociacion-del-poligono-industrial-erletxe-participa-en-la-bienal-internacional-de-maquina-herramienta-2026-2\/","og_site_name":"Pol\u00edgono Industrial Erletxe","article_published_time":"2026-02-12T11:19:24+00:00","article_modified_time":"2026-02-13T13:58:24+00:00","og_image":[{"width":960,"height":640,"url":"https:\/\/www.poligonoerletxe.eus\/wp-content\/uploads\/BIENAL.jpg","type":"image\/jpeg"}],"author":"Beatriz Coonic","twitter_card":"summary_large_image","twitter_misc":{"Written by":"Beatriz Coonic","Est. reading time":"3 minutua"},"schema":{"@context":"https:\/\/schema.org","@graph":[{"@type":"Article","@id":"https:\/\/www.poligonoerletxe.eus\/la-asociacion-del-poligono-industrial-erletxe-participa-en-la-bienal-internacional-de-maquina-herramienta-2026-2\/#article","isPartOf":{"@id":"https:\/\/www.poligonoerletxe.eus\/la-asociacion-del-poligono-industrial-erletxe-participa-en-la-bienal-internacional-de-maquina-herramienta-2026-2\/"},"author":{"name":"Beatriz Coonic","@id":"https:\/\/www.poligonoerletxe.eus\/#\/schema\/person\/73eed9c5be78ce9bd84e953a452ad90c"},"headline":"La asociaci\u00f3n del Pol\u00edgono Industrial Erletxe participa en la Bienal Internacional de M\u00e1quina-Herramienta 2026","datePublished":"2026-02-12T11:19:24+00:00","dateModified":"2026-02-13T13:58:24+00:00","mainEntityOfPage":{"@id":"https:\/\/www.poligonoerletxe.eus\/la-asociacion-del-poligono-industrial-erletxe-participa-en-la-bienal-internacional-de-maquina-herramienta-2026-2\/"},"wordCount":499,"publisher":{"@id":"https:\/\/www.poligonoerletxe.eus\/#organization"},"image":{"@id":"https:\/\/www.poligonoerletxe.eus\/la-asociacion-del-poligono-industrial-erletxe-participa-en-la-bienal-internacional-de-maquina-herramienta-2026-2\/#primaryimage"},"thumbnailUrl":"https:\/\/www.poligonoerletxe.eus\/wp-content\/uploads\/BIENAL.jpg","articleSection":["Novedades","Sin categor\u00eda"],"inLanguage":"eu"},{"@type":"WebPage","@id":"https:\/\/www.poligonoerletxe.eus\/la-asociacion-del-poligono-industrial-erletxe-participa-en-la-bienal-internacional-de-maquina-herramienta-2026-2\/","url":"https:\/\/www.poligonoerletxe.eus\/la-asociacion-del-poligono-industrial-erletxe-participa-en-la-bienal-internacional-de-maquina-herramienta-2026-2\/","name":"La asociaci\u00f3n del Pol\u00edgono Industrial Erletxe participa en la Bienal Internacional de M\u00e1quina-Herramienta 2026 - Pol\u00edgono Industrial Erletxe","isPartOf":{"@id":"https:\/\/www.poligonoerletxe.eus\/#website"},"primaryImageOfPage":{"@id":"https:\/\/www.poligonoerletxe.eus\/la-asociacion-del-poligono-industrial-erletxe-participa-en-la-bienal-internacional-de-maquina-herramienta-2026-2\/#primaryimage"},"image":{"@id":"https:\/\/www.poligonoerletxe.eus\/la-asociacion-del-poligono-industrial-erletxe-participa-en-la-bienal-internacional-de-maquina-herramienta-2026-2\/#primaryimage"},"thumbnailUrl":"https:\/\/www.poligonoerletxe.eus\/wp-content\/uploads\/BIENAL.jpg","datePublished":"2026-02-12T11:19:24+00:00","dateModified":"2026-02-13T13:58:24+00:00","description":"Erletxe industrialdeak, bere enpresa-elkartearen bitartez, aktiboki parte hartuko du hurrengo Makina-Erremintaren Nazioarteko Biurtekoan (BIEMH), zeina martxoaren 2tik 6ra egingo baita Bilbao Exhibition Centren (BEC), Barakaldon (Bizkaia).","breadcrumb":{"@id":"https:\/\/www.poligonoerletxe.eus\/la-asociacion-del-poligono-industrial-erletxe-participa-en-la-bienal-internacional-de-maquina-herramienta-2026-2\/#breadcrumb"},"inLanguage":"eu","potentialAction":[{"@type":"ReadAction","target":["https:\/\/www.poligonoerletxe.eus\/la-asociacion-del-poligono-industrial-erletxe-participa-en-la-bienal-internacional-de-maquina-herramienta-2026-2\/"]}]},{"@type":"ImageObject","inLanguage":"eu","@id":"https:\/\/www.poligonoerletxe.eus\/la-asociacion-del-poligono-industrial-erletxe-participa-en-la-bienal-internacional-de-maquina-herramienta-2026-2\/#primaryimage","url":"https:\/\/www.poligonoerletxe.eus\/wp-content\/uploads\/BIENAL.jpg","contentUrl":"https:\/\/www.poligonoerletxe.eus\/wp-content\/uploads\/BIENAL.jpg","width":960,"height":640},{"@type":"BreadcrumbList","@id":"https:\/\/www.poligonoerletxe.eus\/la-asociacion-del-poligono-industrial-erletxe-participa-en-la-bienal-internacional-de-maquina-herramienta-2026-2\/#breadcrumb","itemListElement":[{"@type":"ListItem","position":1,"name":"Inicio","item":"https:\/\/www.poligonoerletxe.eus\/"},{"@type":"ListItem","position":2,"name":"La asociaci\u00f3n del Pol\u00edgono Industrial Erletxe participa en la Bienal Internacional de M\u00e1quina-Herramienta 2026"}]},{"@type":"WebSite","@id":"https:\/\/www.poligonoerletxe.eus\/#website","url":"https:\/\/www.poligonoerletxe.eus\/","name":"industrialdeak, bere enpresa-elkartearen bitartez, aktiboki parte hartuko du hurrengo Makina-Erremintaren Nazioarteko Biurtekoan (BIEMH),","description":"Asociaci\u00f3n Empresarial","publisher":{"@id":"https:\/\/www.poligonoerletxe.eus\/#organization"},"potentialAction":[{"@type":"SearchAction","target":{"@type":"EntryPoint","urlTemplate":"https:\/\/www.poligonoerletxe.eus\/?s={search_term_string}"},"query-input":{"@type":"PropertyValueSpecification","valueRequired":true,"valueName":"search_term_string"}}],"inLanguage":"eu"},{"@type":"Organization","@id":"https:\/\/www.poligonoerletxe.eus\/#organization","name":"industrialdeak, bere enpresa-elkartearen bitartez, aktiboki parte hartuko du hurrengo Makina-Erremintaren Nazioarteko Biurtekoan (BIEMH),","url":"https:\/\/www.poligonoerletxe.eus\/","logo":{"@type":"ImageObject","inLanguage":"eu","@id":"https:\/\/www.poligonoerletxe.eus\/#\/schema\/logo\/image\/","url":"https:\/\/www.poligonoerletxe.eus\/wp-content\/uploads\/Logotipo-PoligonoIndustrialErletxe.png","contentUrl":"https:\/\/www.poligonoerletxe.eus\/wp-content\/uploads\/Logotipo-PoligonoIndustrialErletxe.png","width":700,"height":262,"caption":"Pol\u00edgono Industrial Erletxe"},"image":{"@id":"https:\/\/www.poligonoerletxe.eus\/#\/schema\/logo\/image\/"}},{"@type":"Person","@id":"https:\/\/www.poligonoerletxe.eus\/#\/schema\/person\/73eed9c5be78ce9bd84e953a452ad90c","name":"Beatriz Coonic","url":"https:\/\/www.poligonoerletxe.eus\/eu\/author\/beatriz_coonic\/"}]}},"_links":{"self":[{"href":"https:\/\/www.poligonoerletxe.eus\/eu\/wp-json\/wp\/v2\/posts\/923","targetHints":{"allow":["GET"]}}],"collection":[{"href":"https:\/\/www.poligonoerletxe.eus\/eu\/wp-json\/wp\/v2\/posts"}],"about":[{"href":"https:\/\/www.poligonoerletxe.eus\/eu\/wp-json\/wp\/v2\/types\/post"}],"author":[{"embeddable":true,"href":"https:\/\/www.poligonoerletxe.eus\/eu\/wp-json\/wp\/v2\/users\/2"}],"replies":[{"embeddable":true,"href":"https:\/\/www.poligonoerletxe.eus\/eu\/wp-json\/wp\/v2\/comments?post=923"}],"version-history":[{"count":1,"href":"https:\/\/www.poligonoerletxe.eus\/eu\/wp-json\/wp\/v2\/posts\/923\/revisions"}],"predecessor-version":[{"id":924,"href":"https:\/\/www.poligonoerletxe.eus\/eu\/wp-json\/wp\/v2\/posts\/923\/revisions\/924"}],"wp:featuredmedia":[{"embeddable":true,"href":"https:\/\/www.poligonoerletxe.eus\/eu\/wp-json\/wp\/v2\/media\/906"}],"wp:attachment":[{"href":"https:\/\/www.poligonoerletxe.eus\/eu\/wp-json\/wp\/v2\/media?parent=923"}],"wp:term":[{"taxonomy":"category","embeddable":true,"href":"https:\/\/www.poligonoerletxe.eus\/eu\/wp-json\/wp\/v2\/categories?post=923"},{"taxonomy":"post_tag","embeddable":true,"href":"https:\/\/www.poligonoerletxe.eus\/eu\/wp-json\/wp\/v2\/tags?post=923"}],"curies":[{"name":"wp","href":"https:\/\/api.w.org\/{rel}","templated":true}]}}